{"id":423378,"date":"2025-09-28T09:04:11","date_gmt":"2025-09-28T09:04:11","guid":{"rendered":"https:\/\/www.europesays.com\/fr\/423378\/"},"modified":"2025-09-28T09:04:11","modified_gmt":"2025-09-28T09:04:11","slug":"moto-gp-la-degringolade-irreelle-de-fabio-quartararo-avec-sa-yamaha","status":"publish","type":"post","link":"https:\/\/www.europesays.com\/fr\/423378\/","title":{"rendered":"Moto GP | La d\u00e9gringolade irr\u00e9elle de Fabio Quartararo avec sa Yamaha"},"content":{"rendered":"<p><strong>Si la course a logiquement \u00e9t\u00e9 marqu\u00e9e par le nouveau titre mondial de Marc Marquez en Moto GP, nous pr\u00e9f\u00e9rons retenir un autre \u00e9v\u00e9nement majeur ; la chute express de <a href=\"https:\/\/fflose.com\/moto-gp-la-course-de-fabio-quartararo-ne-passe-vraiment-pas\/\" rel=\"nofollow noopener\" target=\"_blank\">Fabio Quartararo<\/a> au classement.<\/strong><\/p>\n<p>Fabio Quartararo montre l\u2019exemple au Japon en Moto GP<\/p>\n<p>Tandis qu\u2019il s\u2019\u00e9lan\u00e7ait en cinqui\u00e8me position, Fabio Quartararo parvient \u00e0 doubler Joan Mir \u00e0 l\u2019extinction des feux, et se retrouve quatri\u00e8me. \u00c0 ce moment pr\u00e9cis, notre s\u00e9r\u00e9nit\u00e9 habituelle prend un s\u00e9rieux coup. On se dit que le podium ne va peut-\u00eatre pas \u00e9chapper au pilote Yamaha cette fois-ci.<\/p>\n<blockquote class=\"twitter-tweet\">\n<p dir=\"ltr\" lang=\"fr\">ET BOOUUM \ud83d\udca5<\/p>\n<p>L\u2019heure du sacre pour Marc M\u00e1rquez ? \ud83d\udc40\ud83d\udc51<\/p>\n<p>\u27a1\ufe0f Le Grand Prix du Japon, c\u2019est maintenant sur CANAL+ ! \ud83e\udd29\ud83d\udcfa<a href=\"https:\/\/twitter.com\/hashtag\/JapaneseGP?src=hash&amp;ref_src=twsrc%5Etfw\" rel=\"nofollow noopener\" target=\"_blank\">#JapaneseGP<\/a> | <a href=\"https:\/\/twitter.com\/hashtag\/MotoGP?src=hash&amp;ref_src=twsrc%5Etfw\" rel=\"nofollow noopener\" target=\"_blank\">#MotoGP<\/a> <a href=\"https:\/\/t.co\/YmCZCwlPgh\" rel=\"nofollow\">pic.twitter.com\/YmCZCwlPgh<\/a><\/p>\n<p>\u2014 CANAL+ MotoGP\u2122 (@CanalplusMotoGP) <a href=\"https:\/\/twitter.com\/CanalplusMotoGP\/status\/1972165705119228144?ref_src=twsrc%5Etfw\" rel=\"nofollow noopener\" target=\"_blank\">September 28, 2025<\/a><\/p>\n<\/blockquote>\n<p>Mais en l\u2019espace de quatre virages, c\u2019est la d\u00e9livrance. En effet, le Fran\u00e7ais perd pas moins de quatre positions, un joli ratio d\u2019une place perdue par virage. On est sur du (tr\u00e8s) haut niveau.<\/p>\n<blockquote class=\"twitter-tweet\">\n<p dir=\"ltr\" lang=\"en\">Keep an eye on the battle for 4th behind <a href=\"https:\/\/twitter.com\/marcmarquez93?ref_src=twsrc%5Etfw\" rel=\"nofollow noopener\" target=\"_blank\">@marcmarquez93<\/a>! \u2694\ufe0f<\/p>\n<p>And so far it\u2019s not going to plan for Quartararo \ud83d\udcc9<a href=\"https:\/\/twitter.com\/hashtag\/JapaneseGP?src=hash&amp;ref_src=twsrc%5Etfw\" rel=\"nofollow noopener\" target=\"_blank\">#JapaneseGP<\/a> \ud83c\uddef\ud83c\uddf5 <a href=\"https:\/\/t.co\/l60YvKBckt\" rel=\"nofollow\">pic.twitter.com\/l60YvKBckt<\/a><\/p>\n<p>\u2014 MotoGP\u2122\ud83c\udfc1 (@MotoGP) <a href=\"https:\/\/twitter.com\/MotoGP\/status\/1972166148633354592?ref_src=twsrc%5Etfw\" rel=\"nofollow noopener\" target=\"_blank\">September 28, 2025<\/a><\/p>\n<\/blockquote>\n<p>En t\u00eate de la course, Pecco Bagnaia est aux manettes. Enfin, serait-on tent\u00e9 de dire, tellement le pilote italien a \u00e9t\u00e9 broy\u00e9 par la domination de Marc Marquez cette saison. Mais alors qu\u2019il poss\u00e8de pr\u00e8s de quatre secondes d\u2019avance sur ce dernier, la moto de Pecco se met \u00e0 d\u00e9gager de la fum\u00e9e \u00e0 l\u2019arri\u00e8re. La guigne serait immense, quand on sait que Bagnaia n\u2019a plus remport\u00e9 le moindre Grand Prix depuis six mois. Mais finalement, sa b\u00e9cane tient \u00e0 frustrer la FIL, et lui permet de remporter la course. Sauf que la v\u00e9ritable information du jour reste le septi\u00e8me titre de champion du monde de Marc Marquez dans la cat\u00e9gorie reine. Jusqu\u2019au bout, l\u2019Espagnol aura effac\u00e9 l\u2019Italien cette saison.<\/p>\n<blockquote class=\"twitter-tweet\">\n<p dir=\"ltr\" lang=\"fr\">MARC MARQUEZ CHAMPION DU MONDE !!! \ud83c\udf89\ud83c\udf89\ud83d\udc51\ud83d\udc51<\/p>\n<p>L\u2019Espagnol remporte son 7e titre en cat\u00e9gorie reine gr\u00e2ce \u00e0 sa deuxi\u00e8me place au GP du Japon \u2705<\/p>\n<p>Francesco Bagnaia retrouve la victoire, Quartararo (8e) et Zarco (9e) sont dans le top 10 \ud83e\udd29\ud83c\udfcd\ufe0f<a href=\"https:\/\/twitter.com\/hashtag\/JapaneseGP?src=hash&amp;ref_src=twsrc%5Etfw\" rel=\"nofollow noopener\" target=\"_blank\">#JapaneseGP<\/a> | <a href=\"https:\/\/twitter.com\/hashtag\/MotoGP?src=hash&amp;ref_src=twsrc%5Etfw\" rel=\"nofollow noopener\" target=\"_blank\">#MotoGP<\/a> <a href=\"https:\/\/t.co\/4PEs0YrYsX\" rel=\"nofollow\">pic.twitter.com\/4PEs0YrYsX<\/a><\/p>\n<p>\u2014 CANAL+ MotoGP\u2122 (@CanalplusMotoGP) <a href=\"https:\/\/twitter.com\/CanalplusMotoGP\/status\/1972177723993821240?ref_src=twsrc%5Etfw\" rel=\"nofollow noopener\" target=\"_blank\">September 28, 2025<\/a><\/p>\n<\/blockquote>\n<p>Du c\u00f4t\u00e9 de nos Fran\u00e7ais, Fabio Quartararo termine huiti\u00e8me, Johann Zarco neuvi\u00e8me. Mais c\u2019est quand m\u00eame un petit go\u00fbt de satisfaction qui demeure dans nos locaux.<\/p>\n<blockquote class=\"twitter-tweet\">\n<p dir=\"ltr\" lang=\"fr\">\u2b50\ufe0f MARC MARQUEZ EST CHAMPION DU MONDE \u2b50\ufe0f<\/p>\n<p>6 ans apr\u00e8s son dernier sacre, l\u2019Espagnol retrouve les sommets et d\u00e9croche son 7e titre en cat\u00e9gorie reine. <a href=\"https:\/\/twitter.com\/hashtag\/MotoGP?src=hash&amp;ref_src=twsrc%5Etfw\" rel=\"nofollow noopener\" target=\"_blank\">#MotoGP<\/a> <a href=\"https:\/\/twitter.com\/hashtag\/JapaneseGP?src=hash&amp;ref_src=twsrc%5Etfw\" rel=\"nofollow noopener\" target=\"_blank\">#JapaneseGP<\/a> <a href=\"https:\/\/t.co\/pLNEJJUe37\" rel=\"nofollow\">pic.twitter.com\/pLNEJJUe37<\/a><\/p>\n<p>\u2014 CANAL+ MotoGP\u2122 (@CanalplusMotoGP) <a href=\"https:\/\/twitter.com\/CanalplusMotoGP\/status\/1972178689539580352?ref_src=twsrc%5Etfw\" rel=\"nofollow noopener\" target=\"_blank\">September 28, 2025<\/a><\/p>\n<\/blockquote>\n<p>                         <a href=\"https:\/\/fflose.com\/author\/tomgaleron\/\" class=\"url\" title=\"Tom\" rel=\"nofollow noopener\" target=\"_blank\"> <img loading=\"lazy\" decoding=\"async\" alt=\"Tom\" src=\"https:\/\/www.europesays.com\/fr\/wp-content\/uploads\/2025\/09\/1759050251_186_fa539669b9b6c266044bdafc0534c1c7e71784259f6e9e9e6fab2d5d73302c49\"  class=\"avatar avatar-250 photo\" height=\"250\" width=\"250\"\/><\/a> <\/p>\n<p>Natif de Marseille, autant vous dire qu&rsquo;il est pr\u00e9f\u00e9rable de ne pas me parler de football en ce moment. Merci pour votre compr\u00e9hension.<\/p>\n<p> <a href=\"https:\/\/fflose.com\/author\/tomgaleron\/\" class=\"url\" title=\"Tom\" rel=\"nofollow noopener\" target=\"_blank\"><img loading=\"lazy\" decoding=\"async\" alt=\"Tom\" src=\"https:\/\/www.europesays.com\/fr\/wp-content\/uploads\/2025\/09\/1759050251_186_fa539669b9b6c266044bdafc0534c1c7e71784259f6e9e9e6fab2d5d73302c49\"  class=\"avatar avatar-250 photo\" height=\"250\" width=\"250\"\/><\/a>  <\/p>\n<p><script async src=\"https:\/\/platform.twitter.com\/widgets.js\" charset=\"utf-8\"><\/script><\/p>\n","protected":false},"excerpt":{"rendered":"Si la course a logiquement \u00e9t\u00e9 marqu\u00e9e par le nouveau titre mondial de Marc Marquez en Moto GP,&hellip;\n","protected":false},"author":2,"featured_media":423379,"comment_status":"","ping_status":"","sticky":false,"template":"","format":"standard","meta":{"footnotes":""},"categories":[1413],"tags":[1011,27,1457,1456,60],"class_list":{"0":"post-423378","1":"post","2":"type-post","3":"status-publish","4":"format-standard","5":"has-post-thumbnail","7":"category-moto","8":"tag-fr","9":"tag-france","10":"tag-moto","11":"tag-motocycle","12":"tag-sports"},"share_on_mastodon":{"url":"https:\/\/pubeurope.com\/@fr\/115281126824320561","error":""},"_links":{"self":[{"href":"https:\/\/www.europesays.com\/fr\/wp-json\/wp\/v2\/posts\/423378","targetHints":{"allow":["GET"]}}],"collection":[{"href":"https:\/\/www.europesays.com\/fr\/wp-json\/wp\/v2\/posts"}],"about":[{"href":"https:\/\/www.europesays.com\/fr\/wp-json\/wp\/v2\/types\/post"}],"author":[{"embeddable":true,"href":"https:\/\/www.europesays.com\/fr\/wp-json\/wp\/v2\/users\/2"}],"replies":[{"embeddable":true,"href":"https:\/\/www.europesays.com\/fr\/wp-json\/wp\/v2\/comments?post=423378"}],"version-history":[{"count":0,"href":"https:\/\/www.europesays.com\/fr\/wp-json\/wp\/v2\/posts\/423378\/revisions"}],"wp:featuredmedia":[{"embeddable":true,"href":"https:\/\/www.europesays.com\/fr\/wp-json\/wp\/v2\/media\/423379"}],"wp:attachment":[{"href":"https:\/\/www.europesays.com\/fr\/wp-json\/wp\/v2\/media?parent=423378"}],"wp:term":[{"taxonomy":"category","embeddable":true,"href":"https:\/\/www.europesays.com\/fr\/wp-json\/wp\/v2\/categories?post=423378"},{"taxonomy":"post_tag","embeddable":true,"href":"https:\/\/www.europesays.com\/fr\/wp-json\/wp\/v2\/tags?post=423378"}],"curies":[{"name":"wp","href":"https:\/\/api.w.org\/{rel}","templated":true}]}}