{"id":42338,"date":"2025-04-21T20:36:12","date_gmt":"2025-04-21T20:36:12","guid":{"rendered":"https:\/\/www.europesays.com\/fr\/42338\/"},"modified":"2025-04-21T20:36:12","modified_gmt":"2025-04-21T20:36:12","slug":"direct-le-pape-francois-est-mort-des-suites-dun-avc-annonce-le-vatican","status":"publish","type":"post","link":"https:\/\/www.europesays.com\/fr\/42338\/","title":{"rendered":"DIRECT. Le pape Fran\u00e7ois est mort des suites d\u2019un AVC, annonce le Vatican"},"content":{"rendered":"<p>L&rsquo;archev\u00eaque d&rsquo;Avignon Fran\u00e7ois Fonlupt salue le \u00ab\u00a0tressaillement de foi\u00a0\u00bb suscit\u00e9 par Fran\u00e7ois <\/p>\n<p>C&rsquo;est dans l&rsquo;avion que l&rsquo;archev\u00eaque d&rsquo;Avignon <a href=\"https:\/\/www.laprovence.com\/article\/region\/53385629236900\/on-est-en-famine-de-paix-crises-internationales-finances-du-diocese-larcheveque-francois-fonlupt-se-confie-avant-noel\" rel=\"noopener noreferrer\" target=\"_self\">Fran\u00e7ois Fonlupt<\/a> a appris la nouvelle de <a href=\"https:\/\/www.laprovence.com\/article\/societe\/19283758541145\/le-pape-francois-est-mort-a-lage-de-88-ans-retour-sur-un-parcours-atypique\" rel=\"noopener noreferrer\" target=\"_self\">la disparition du Pape<\/a>. Envoy\u00e9 en Isra\u00ebl par la conf\u00e9rence des \u00e9v\u00eaques de France, il r\u00e9agit \u00e0 distance au d\u00e9c\u00e8s de Fran\u00e7ois. \u00ab\u00a0En ce lundi de P\u00e2ques, apr\u00e8s avoir donn\u00e9 sa derni\u00e8re b\u00e9n\u00e9diction urbi et orbi lors de la f\u00eate de la R\u00e9surrection du Christ, le pape Fran\u00e7ois a v\u00e9cu lui-m\u00eame sa P\u00e2que, \u00e9crit-il dans un communiqu\u00e9. Dans notre dioc\u00e8se, de nombreuses initiatives sont prises cette semaine pour prier \u00e0 sa m\u00e9moire et en action de gr\u00e2ce pour son minist\u00e8re. Je remercie tous les pr\u00eatres et chaque communaut\u00e9 du Vaucluse pour leur engagement et je vous invite \u00e0 rejoindre vos paroisses avant de se retrouver pour un temps en dioc\u00e8se samedi prochain, \u00e0 mon retour de terre sainte. Samedi prochain, le 26 avril \u00e0 18h30 \u00e0 la M\u00e9tropole Notre-Dame des Doms, je pr\u00e9siderai la messe \u00e0 la m\u00e9moire du pape Fran\u00e7ois et en action de gr\u00e2ce pour son minist\u00e8re. Merci, pape Fran\u00e7ois, d&rsquo;avoir suscit\u00e9 dans notre province et Provence ainsi que dans toute l&rsquo;\u00c9glise, en M\u00e9diterran\u00e9e et dans le monde entier un nouveau tressaillement de Foi, d&rsquo;Esp\u00e9rance et de Charit\u00e9 !\u00a0\u00bb<\/p>\n","protected":false},"excerpt":{"rendered":"L&rsquo;archev\u00eaque d&rsquo;Avignon Fran\u00e7ois Fonlupt salue le \u00ab\u00a0tressaillement de foi\u00a0\u00bb suscit\u00e9 par Fran\u00e7ois C&rsquo;est dans l&rsquo;avion que l&rsquo;archev\u00eaque d&rsquo;Avignon&hellip;\n","protected":false},"author":2,"featured_media":42339,"comment_status":"","ping_status":"","sticky":false,"template":"","format":"standard","meta":{"footnotes":""},"categories":[2814],"tags":[17,1111,11,154,814,932,1777,674,1011,27,329,11846,884,18,12,12672,882,25,12860],"class_list":{"0":"post-42338","1":"post","2":"type-post","3":"status-publish","4":"format-standard","5":"has-post-thumbnail","7":"category-marseille","8":"tag-17","9":"tag-actu","10":"tag-actualites","11":"tag-des","12":"tag-direct","13":"tag-est","14":"tag-eu","15":"tag-europe","16":"tag-fr","17":"tag-france","18":"tag-france-monde","19":"tag-francois","20":"tag-marseille","21":"tag-mort","22":"tag-news","23":"tag-pape","24":"tag-provence-alpes-cote-dazur","25":"tag-republique-francaise","26":"tag-suites"},"share_on_mastodon":{"url":"https:\/\/pubeurope.com\/@fr\/114377875959585708","error":""},"_links":{"self":[{"href":"https:\/\/www.europesays.com\/fr\/wp-json\/wp\/v2\/posts\/42338","targetHints":{"allow":["GET"]}}],"collection":[{"href":"https:\/\/www.europesays.com\/fr\/wp-json\/wp\/v2\/posts"}],"about":[{"href":"https:\/\/www.europesays.com\/fr\/wp-json\/wp\/v2\/types\/post"}],"author":[{"embeddable":true,"href":"https:\/\/www.europesays.com\/fr\/wp-json\/wp\/v2\/users\/2"}],"replies":[{"embeddable":true,"href":"https:\/\/www.europesays.com\/fr\/wp-json\/wp\/v2\/comments?post=42338"}],"version-history":[{"count":0,"href":"https:\/\/www.europesays.com\/fr\/wp-json\/wp\/v2\/posts\/42338\/revisions"}],"wp:featuredmedia":[{"embeddable":true,"href":"https:\/\/www.europesays.com\/fr\/wp-json\/wp\/v2\/media\/42339"}],"wp:attachment":[{"href":"https:\/\/www.europesays.com\/fr\/wp-json\/wp\/v2\/media?parent=42338"}],"wp:term":[{"taxonomy":"category","embeddable":true,"href":"https:\/\/www.europesays.com\/fr\/wp-json\/wp\/v2\/categories?post=42338"},{"taxonomy":"post_tag","embeddable":true,"href":"https:\/\/www.europesays.com\/fr\/wp-json\/wp\/v2\/tags?post=42338"}],"curies":[{"name":"wp","href":"https:\/\/api.w.org\/{rel}","templated":true}]}}