{"id":423380,"date":"2025-09-28T09:05:10","date_gmt":"2025-09-28T09:05:10","guid":{"rendered":"https:\/\/www.europesays.com\/fr\/423380\/"},"modified":"2025-09-28T09:05:10","modified_gmt":"2025-09-28T09:05:10","slug":"depuis-son-sacre-olympique-de-paris-nicolas-gestin-se-sent-libere","status":"publish","type":"post","link":"https:\/\/www.europesays.com\/fr\/423380\/","title":{"rendered":"depuis son sacre olympique de Paris, Nicolas Gestin se sent \u00ablib\u00e9r\u00e9\u00bb"},"content":{"rendered":"<p><strong>ENTRETIEN &#8211;<\/strong> Un peu plus d\u2019un an apr\u00e8s sa m\u00e9daille d\u2019or en slalom aux JO 2024, le Fran\u00e7ais de 25 ans part \u00e0 la conqu\u00eate du monde, fort d\u2019une saison jusqu\u2019\u00e0 pr\u00e9sent exceptionnelle.<\/p>\n<p class=\"fig-paragraph\">Le 29 juillet 2024, Nicolas Gestin domptait, dans son cano\u00eb, le bassin de Vaires-sur-Marne pour d\u00e9crocher l\u2019or olympique lors de l\u2019\u00e9preuve du slalom. Une forme de cons\u00e9cration pour celui a d\u00e9couvert cette discipline \u00e0 l\u2019\u00e2ge de 7 ans du c\u00f4t\u00e9 de Quimperl\u00e9, dans le Finist\u00e8re, et qui poss\u00e9dait d\u00e9j\u00e0 de solides r\u00e9f\u00e9rences internationales, entre son triomphe en 2022 au classement g\u00e9n\u00e9ral de la Coupe du monde ou sa m\u00e9daille d\u2019argent aux Championnats du monde en 2023. De l\u2019argent qu\u2019il aimerait d\u00e9sormais transformer en or, un objectif \u00f4 combien dans ses pagaies au vu de sa saison, couronn\u00e9e de trois victoires en Coupe du monde dont la derni\u00e8re en date, \u00e0 Augsbourg il y a deux semaines, le fut avec une tr\u00e8s confortable avance (plus de cinq secondes). Ce qui en dit long sur son \u00e9tat de forme avant de s\u2019attaquer aux Mondiaux \u00e0 Sydney.<\/p>\n<p class=\"fig-paragraph\"><strong>Comment se sont pass\u00e9es votre arriv\u00e9e et votre acclimatation en Australie\u00a0?<\/strong><br \/><strong>Nicolas Gestin\u00a0:<\/strong> Je suis arriv\u00e9 le 12 septembre et c\u2019\u00e9tait un peu le nerf de la guerre de ma premi\u00e8re semaine ici. L\u2019entra\u00eenement \u00e9tait secondaire par rapport \u00e0 ma prise de rep\u00e8res sur le stade d\u2019eaux vives et \u00e0 la gestion du d\u00e9calage horaire, car \u00e0 la base je ne suis pas un tr\u00e8s bon dormeur. Comme je le craignais, j\u2019ai pas mal gal\u00e9r\u00e9 au d\u00e9part mais l\u00e0, c\u2019est bon, tout est r\u00e9gl\u00e9. Mais je suis content d\u2019\u00eatre arriv\u00e9 assez t\u00f4t pour bien me caler et me sentir pr\u00eat pour ces Championnats du monde.<\/p>\n<p>                                    <a class=\"fig-a11y-skip a11y-hidden\" href=\"#fig-a11y-skip-main-inarticle\"><br \/>\n        Passer la publicit\u00e9<br \/>\n    <\/a><\/p>\n<p class=\"fig-paragraph\"><strong>Vous connaissiez d\u00e9j\u00e0 le stade d\u2019eaux vives\u2026<\/strong><br \/>Oui, mais cela remonte \u00e0 2019, donc cela commence \u00e0 faire loin. Le bassin n\u2019a pas trop \u00e9volu\u00e9 mais au bout de six ans, il y a quand m\u00eame eu besoin de reprendre des rep\u00e8res. Apr\u00e8s, cela reste de l\u2019artificiel pur et dur et il n\u2019y a pas r\u00e9elle sp\u00e9cificit\u00e9, si ce n\u2019est que le bassin n\u2019est pas tr\u00e8s rapide et qu\u2019il est exigeant. L\u2019enjeu dessus sera surtout d\u2019arriver \u00e0 g\u00e9n\u00e9rer de la vitesse.<\/p>\n<blockquote class=\"fig-quote&#10;    \">\n<p class=\"fig-quote__text\">Pour moi, le statut est un concept tr\u00e8s philosophique. Oui, je sais que je suis archifavori aux yeux de beaucoup de monde, mais je ne le suis pas forc\u00e9ment dans mon esprit.<\/p>\n<p>            Nicolas Gestin\n    <\/p><\/blockquote>\n<p class=\"fig-paragraph\"><strong>Comment g\u00e9rez-vous le fait d\u2019aborder cette comp\u00e9tition dans la peau de l\u2019archifavori\u00a0?<\/strong><br \/>Toujours de la m\u00eame mani\u00e8re je crois. C\u2019est un statut auquel j\u2019essaie de ne pas trop m\u2019accrocher. Pour moi, le statut est un concept tr\u00e8s philosophique. Oui, je sais que je suis archifavori aux yeux de beaucoup de monde, mais je ne le suis pas forc\u00e9ment dans mon esprit. Je sais que mon sport exige que les compteurs repartent \u00e0 z\u00e9ro \u00e0 chaque fois et que chaque bassin est sp\u00e9cifique. C\u2019est certain que je suis en forme, et que je vais essayer de faire du mieux possible en prenant la course \u00e9tape par \u00e9tape, en partant des qualifications jusqu\u2019\u00e0 la finale j\u2019esp\u00e8re.<\/p>\n<p>    Nicolas Gestin dans ses \u0153uvres<br \/>\n                CTK \/ Icon Sport<\/p>\n<p class=\"fig-paragraph\"><strong>Que change \u00e0 vos yeux votre statut de champion olympique en titre\u00a0?<\/strong><br \/>Il me permet de courir de mani\u00e8re plus lib\u00e9r\u00e9e. J\u2019ai l\u2019impression d\u2019avoir moins de pression, de ne plus avoir \u00e0 courir apr\u00e8s quelque chose ce qui me permet de prendre plus de plaisir. C\u2019est ce que j\u2019ai pu montrer \u00e0 Augsbourg, en finale de la Coupe du monde, o\u00f9 j\u2019ai pris des options plus engag\u00e9es que d\u2019habitude, ce qui est synonyme de quelqu\u2019un qui est en confiance et se sent lib\u00e9r\u00e9 pour prendre des risques.<\/p>\n<p class=\"fig-paragraph\"><strong>Vous ne ressentez pas de pression n\u00e9gative qui vous pousserait \u00e0 penser qu\u2019en tant que champion olympique, vous n\u2019avez plus le droit de perdre\u2026<\/strong><br \/>Ce n\u2019est pas comme cela que je veux le prendre. Le \u00abil faut\u00bb, souvent, ce n\u2019est pas bon. Il vaut mieux esp\u00e9rer et jouer sa carte que d\u2019utiliser le verbe falloir. Je n\u2019ai pas de compte \u00e0 rendre en r\u00e9alit\u00e9. Je vais simplement faire du mieux que je peux, et c\u2019est comme cela que j\u2019arrive \u00e0 m\u2019engager. Ma fa\u00e7on de faire consiste \u00e0 me tourner au maximum vers cette notion de jeu, car c\u2019en est un. La terre ne va pas s\u2019arr\u00eater de tourner si je ne claque pas ma m\u00e9daille aux Mondiaux.<\/p>\n<blockquote class=\"fig-quote&#10;    \">\n<p class=\"fig-quote__text\">J\u2019ai fait d\u2019autres sports, je me suis test\u00e9 sur le marathon, j\u2019ai appris \u00e0 surfer et \u00e0 skier. Il fallait que j\u2019accepte de ne pas avoir envie de remettre tout de suite les fesses dans un cano\u00eb.<\/p>\n<p>            Nicolas Gestin\n    <\/p><\/blockquote>\n<p class=\"fig-paragraph\"><strong>Repensez-vous encore souvent aux Jeux aujourd\u2019hui, ou bien est-ce devenu un souvenir plus lointain\u00a0?<\/strong><br \/>Naturellement j\u2019y pense encore beaucoup. Cela a \u00e9t\u00e9 un moment qui a marqu\u00e9 les esprits dans le sport fran\u00e7ais. Et \u00e0 titre personnel, quand on d\u00e9croche le Graal avec la mani\u00e8re, dans une telle ambiance, comme cela s\u2019est pass\u00e9 pour moi, cela reste forc\u00e9ment grav\u00e9 dans ma m\u00e9moire. C\u2019est le moment le plus intense que j\u2019ai v\u00e9cu, et sans doute que je vivrai dans ma carri\u00e8re sportive. Mais en m\u00eame temps, je suis content de continuer \u00e0 avancer et de me tourner vers de nouveaux objectifs. Je me suis bien r\u00e9gal\u00e9 en prenant le d\u00e9part de chaque \u00e9tape de Coupe du monde et je suis heureux de revenir sur des Mondiaux, lors desquels j\u2019avais fini 2e il y a deux ans. Je vais essayer de gravir la derni\u00e8re marche. Je sens que c\u2019est le moment de le faire car je suis en confiance et en forme.<\/p>\n<p>    Nicolas Gestin<br \/>\n                Hugo Pfeiffer \/ Icon Sport<\/p>\n<p>                                    <a class=\"fig-a11y-skip a11y-hidden\" href=\"#fig-a11y-skip-main-inarticle_mtf\"><br \/>\n        Passer la publicit\u00e9<br \/>\n    <\/a><\/p>\n<p class=\"fig-paragraph\"><strong>Quand vous d\u00eetes que vous vous \u00eates bien r\u00e9gal\u00e9, cela a-t-il quand m\u00eame \u00e9t\u00e9 difficile, \u00e0 un moment, de revenir dans les bassins apr\u00e8s ce que vous aviez lors de Paris 2024\u00a0?<\/strong><br \/>Forc\u00e9ment, il y a un moment un peu difficile car je n\u2019avais plus l\u2019objectif qui m\u2019avait anim\u00e9 pendant quatre ans. Pendant cette p\u00e9riode, je ne me questionnais m\u00eame pas de savoir pourquoi je m\u2019entra\u00eenais, je le savais, c\u2019\u00e9tait automatique. Cette sensation n\u2019\u00e9tait plus l\u00e0 en septembre dernier. Mais j\u2019ai trouv\u00e9 la bonne solution, \u00e0 savoir me laisser du temps en ne reprenant qu\u2019au mois de f\u00e9vrier. J\u2019ai fait d\u2019autres sports, je me suis test\u00e9 sur le marathon, j\u2019ai appris \u00e0 surfer et \u00e0 skier. Il fallait que j\u2019accepte de ne pas avoir envie de remettre tout de suite les fesses dans un cano\u00eb. Et puis en f\u00e9vrier, je savais qu\u2019il y avait les Championnats d\u2019Europe qui allaient arriver vite en mai et cela m\u2019a vite remis dedans.<\/p>\n<p class=\"fig-paragraph\"><strong>Vous sentez-vous beaucoup plus fort aujourd\u2019hui qu\u2019il y a un aux Jeux\u00a0?<\/strong><br \/>D\u2019un c\u00f4t\u00e9, cette ann\u00e9e, j\u2019ai eu une pr\u00e9paration \u00e9court\u00e9e \u00e9tant donn\u00e9 que je n\u2019ai repris qu\u2019en f\u00e9vrier. Mais d\u2019un autre c\u00f4t\u00e9, je n\u2019avais encore jamais gagn\u00e9 une \u00e9tape de Coupe du monde comme je l\u2019ai fait il y a trois semaines \u00e0 Augsbourg. C\u2019est tr\u00e8s li\u00e9 au fait d\u2019\u00eatre lib\u00e9r\u00e9 sur l\u2019eau. Maintenant, je ne pense pas pouvoir dire que je suis beaucoup plus fort que l\u2019an dernier car \u00e0 cette \u00e9poque, j\u2019\u00e9tais quand m\u00eame sur un sacr\u00e9 pic de forme et je sortais d\u2019une tr\u00e8s belle pr\u00e9paration. Simplement, je me fais mon petit bonhomme de chemin et je gagne aussi en exp\u00e9rience. La vraie progression aujourd\u2019hui \u00e0 mes yeux, c\u2019est que j\u2019arrive \u00e0 faire beaucoup plus r\u00e9guli\u00e8rement les bons choix par rapport \u00e0 avant. Depuis un an, j\u2019ai le sentiment de pouvoir regarder le parcours et d\u2019\u00eatre en capacit\u00e9 tr\u00e8s vite de faire les bons choix. Ou du moins j\u2019ai la bonne m\u00e9thodologie pour le faire. Et puis ma mani\u00e8re d\u2019aborder les courses n\u2019est plus la m\u00eame, je suis nettement plus serein aujourd\u2019hui.<\/p>\n<p class=\"fig-paragraph\"><strong>Qui seront vos principaux adversaires sur ces Championnats du monde\u00a0?<\/strong><br \/>Franchement, je crois que les deux plus costauds seront mes deux compatriotes, Mewen (Debliquy) et Yohann (Senechault), qui sortent chacun d\u2019une grosse saison. Yohann a point\u00e9 \u00e0 la deuxi\u00e8me place mondiale et Mewen n\u2019est plus loin du tout du Top 5. On a montr\u00e9, sur nos meilleures manches, que nous \u00e9tions les trois bateaux le plus rapides de la saison. On peut peut-\u00eatre r\u00eaver d\u2019un tripl\u00e9 comme lors de la Coupe du monde \u00e0 Prague. Sinon, l\u2019Espagnol Miquel Trav\u00e9 sera \u00e0 surveiller, de m\u00eame que le Britannique vice-champion olympique Adam Burgess, qui semble avoir sp\u00e9cifiquement pr\u00e9par\u00e9 ces Mondiaux. Sans oublier les locaux, m\u00eame si les Australiens n\u2019ont pas forc\u00e9ment montr\u00e9 grand-chose cette ann\u00e9e en Coupe du monde mais je suis bien plac\u00e9 pour savoir qu\u2019\u00e0 domicile, souvent, cela va bien.<\/p>\n","protected":false},"excerpt":{"rendered":"ENTRETIEN &#8211; Un peu plus d\u2019un an apr\u00e8s sa m\u00e9daille d\u2019or en slalom aux JO 2024, le Fran\u00e7ais&hellip;\n","protected":false},"author":2,"featured_media":423381,"comment_status":"","ping_status":"","sticky":false,"template":"","format":"standard","meta":{"footnotes":""},"categories":[1412],"tags":[2466,2465,2464,1977,1981,451,207,2468,1451,63,1452,1453,1454,1455,1011,27,66,447,2467,1457,2182,1980,479,2259,60,1467],"class_list":{"0":"post-423380","1":"post","2":"type-post","3":"status-publish","4":"format-standard","5":"has-post-thumbnail","7":"category-f1","8":"tag-2466","9":"tag-actu-sport","10":"tag-actualite-sportive","11":"tag-auto","12":"tag-classement","13":"tag-coupe-du-monde","14":"tag-cyclisme","15":"tag-euro-foot","16":"tag-f1","17":"tag-football","18":"tag-formula-1","19":"tag-formula1","20":"tag-formule-1","21":"tag-formule1","22":"tag-fr","23":"tag-france","24":"tag-ligue-1","25":"tag-ligue-des-champions","26":"tag-live-sport","27":"tag-moto","28":"tag-nba","29":"tag-resultats","30":"tag-rugby","31":"tag-score","32":"tag-sports","33":"tag-tennis"},"share_on_mastodon":{"url":"https:\/\/pubeurope.com\/@fr\/115281128517639681","error":""},"_links":{"self":[{"href":"https:\/\/www.europesays.com\/fr\/wp-json\/wp\/v2\/posts\/423380","targetHints":{"allow":["GET"]}}],"collection":[{"href":"https:\/\/www.europesays.com\/fr\/wp-json\/wp\/v2\/posts"}],"about":[{"href":"https:\/\/www.europesays.com\/fr\/wp-json\/wp\/v2\/types\/post"}],"author":[{"embeddable":true,"href":"https:\/\/www.europesays.com\/fr\/wp-json\/wp\/v2\/users\/2"}],"replies":[{"embeddable":true,"href":"https:\/\/www.europesays.com\/fr\/wp-json\/wp\/v2\/comments?post=423380"}],"version-history":[{"count":0,"href":"https:\/\/www.europesays.com\/fr\/wp-json\/wp\/v2\/posts\/423380\/revisions"}],"wp:featuredmedia":[{"embeddable":true,"href":"https:\/\/www.europesays.com\/fr\/wp-json\/wp\/v2\/media\/423381"}],"wp:attachment":[{"href":"https:\/\/www.europesays.com\/fr\/wp-json\/wp\/v2\/media?parent=423380"}],"wp:term":[{"taxonomy":"category","embeddable":true,"href":"https:\/\/www.europesays.com\/fr\/wp-json\/wp\/v2\/categories?post=423380"},{"taxonomy":"post_tag","embeddable":true,"href":"https:\/\/www.europesays.com\/fr\/wp-json\/wp\/v2\/tags?post=423380"}],"curies":[{"name":"wp","href":"https:\/\/api.w.org\/{rel}","templated":true}]}}