{"id":423382,"date":"2025-09-28T09:06:27","date_gmt":"2025-09-28T09:06:27","guid":{"rendered":"https:\/\/www.europesays.com\/fr\/423382\/"},"modified":"2025-09-28T09:06:27","modified_gmt":"2025-09-28T09:06:27","slug":"cyclisme-tour-de-langkawi-matteo-malucelli-remporte-la-1ere-etape-au-sprint","status":"publish","type":"post","link":"https:\/\/www.europesays.com\/fr\/423382\/","title":{"rendered":"Cyclisme. Tour de Langkawi &#8211; Matteo Malucelli remporte la 1\u00e8re \u00e9tape au sprint"},"content":{"rendered":"<p>La 1\u00e8re \u00e9tape du <strong>Petronas Le Tour de Langkawi<\/strong>, disput\u00e9e cette nuit en Malaisie, a souri \u00e0 <strong>Matteo Malucelli<\/strong>. Le sprinteur italien de<strong> <a href=\"https:\/\/www.cyclismactu.net\/..\/news-route-un-coureur-de-xds-astana-a-mis-un-terme-sa-carriere-seulement-27-ans-89925.html\" target=\"_blank\" rel=\"nofollow noopener\">XDS Astana<\/a><\/strong> a remport\u00e9 l\u2019\u00e9tape d\u2019ouverture longue de 96,7 kilom\u00e8tres autour de Kuah. D\u00e9j\u00e0 triple vainqueur l\u2019an pass\u00e9, <strong>Malucelli <\/strong>d\u00e9croche ainsi sa quatri\u00e8me victoire sur le <strong>Tour de Langkawi<\/strong>.<\/p>\n<p>Vid\u00e9o &#8211; Malucelli avait remport\u00e9 une \u00e9tape du Tour de Turquie Lire la suite de l&rsquo;article&#13;<\/p>\n<p>\u00a0<\/p>\n<p>&#13;<br \/>\nBlikra et De Kleijn sur le podium&#13;<\/p>\n<p>L\u2019arriv\u00e9e s\u2019est jou\u00e9e comme pr\u00e9vu au sprint massif : <strong>Malucelli <\/strong>a devanc\u00e9 le Norv\u00e9gien<strong> Erlend Blikra<\/strong> (Uno-X Mobility) et le N\u00e9erlandais <strong>Arvid De Kleijn<\/strong> (Tudor Pro Cycling Team).<\/p>\n<p>&#13;<\/p>\n<p>Au classement g\u00e9n\u00e9ral, l\u2019Italien prend logiquement la t\u00eate, devan\u00e7ant de trois secondes<strong> Muhammad Nur Aiman Bin Rosli<\/strong> (Terengganu Cycling Team) et de quatre secondes <strong>Blikra <\/strong>et <strong>Adrien Maire<\/strong> (Unibet Tietema Rockets). Ces derniers ont anim\u00e9 l\u2019\u00e9tape en allant chercher de pr\u00e9cieuses secondes de bonification lors des sprints interm\u00e9diaires.<\/p>\n<p>PETRONAS Le Tour de Langkawi &#8211; Classement de la 1\u00e8 \u00e9tape PETRONAS Le Tour de Langkawi &#8211; Classement g\u00e9n\u00e9ral provisoire apr\u00e8s la 1\u00e8 \u00e9tape<\/p>\n","protected":false},"excerpt":{"rendered":"La 1\u00e8re \u00e9tape du Petronas Le Tour de Langkawi, disput\u00e9e cette nuit en Malaisie, a souri \u00e0 Matteo&hellip;\n","protected":false},"author":2,"featured_media":423383,"comment_status":"","ping_status":"","sticky":false,"template":"","format":"standard","meta":{"footnotes":""},"categories":[1411],"tags":[1154,207,211,1011,27,209,60,210,55263,212,208,213],"class_list":{"0":"post-423382","1":"post","2":"type-post","3":"status-publish","4":"format-standard","5":"has-post-thumbnail","7":"category-cyclisme","8":"tag-cycling","9":"tag-cyclisme","10":"tag-ffc","11":"tag-fr","12":"tag-france","13":"tag-route","14":"tag-sports","15":"tag-tour-de-france","16":"tag-tour-de-langkawi","17":"tag-uci","18":"tag-velo","19":"tag-world-tour"},"share_on_mastodon":{"url":"https:\/\/pubeurope.com\/@fr\/115281132539637860","error":""},"_links":{"self":[{"href":"https:\/\/www.europesays.com\/fr\/wp-json\/wp\/v2\/posts\/423382","targetHints":{"allow":["GET"]}}],"collection":[{"href":"https:\/\/www.europesays.com\/fr\/wp-json\/wp\/v2\/posts"}],"about":[{"href":"https:\/\/www.europesays.com\/fr\/wp-json\/wp\/v2\/types\/post"}],"author":[{"embeddable":true,"href":"https:\/\/www.europesays.com\/fr\/wp-json\/wp\/v2\/users\/2"}],"replies":[{"embeddable":true,"href":"https:\/\/www.europesays.com\/fr\/wp-json\/wp\/v2\/comments?post=423382"}],"version-history":[{"count":0,"href":"https:\/\/www.europesays.com\/fr\/wp-json\/wp\/v2\/posts\/423382\/revisions"}],"wp:featuredmedia":[{"embeddable":true,"href":"https:\/\/www.europesays.com\/fr\/wp-json\/wp\/v2\/media\/423383"}],"wp:attachment":[{"href":"https:\/\/www.europesays.com\/fr\/wp-json\/wp\/v2\/media?parent=423382"}],"wp:term":[{"taxonomy":"category","embeddable":true,"href":"https:\/\/www.europesays.com\/fr\/wp-json\/wp\/v2\/categories?post=423382"},{"taxonomy":"post_tag","embeddable":true,"href":"https:\/\/www.europesays.com\/fr\/wp-json\/wp\/v2\/tags?post=423382"}],"curies":[{"name":"wp","href":"https:\/\/api.w.org\/{rel}","templated":true}]}}