{"id":423390,"date":"2025-09-28T09:10:16","date_gmt":"2025-09-28T09:10:16","guid":{"rendered":"https:\/\/www.europesays.com\/fr\/423390\/"},"modified":"2025-09-28T09:10:16","modified_gmt":"2025-09-28T09:10:16","slug":"rentree-litteraire-la-librairie-mots-images-livre-ses-coups-de-coeur-a-guingamp","status":"publish","type":"post","link":"https:\/\/www.europesays.com\/fr\/423390\/","title":{"rendered":"Rentr\u00e9e litt\u00e9raire\u00a0: la librairie Mots &#038; Images livre ses coups de c\u0153ur \u00e0 Guingamp"},"content":{"rendered":"<p>C\u2019est l\u2019heure de la rentr\u00e9e pour Mots &amp; Images. La librairie guingampaise, situ\u00e9e au 10, rue Saint-Yves, organisait une pr\u00e9sentation de leurs coups de c\u0153ur ces vendredis 26 et samedi 27 septembre. Pour chaque session, une vingtaine de personnes sont venues \u00e9couter les conseils distill\u00e9s par l\u2019\u00e9quipe de la librairie, soigneusement pr\u00e9par\u00e9s depuis plusieurs mois. \u00ab\u00a0Chaque ann\u00e9e, je rencontre les maisons d\u2019\u00e9dition et les auteurs au mois de juin pour \u00e9changer avec eux. J\u2019essaye de mettre en avant ceux qui apparaissent moins souvent dans la presse\u00a0\u00bb, explique C\u00e9line Vignon, la responsable, qui a \u00e9galement \u00e9dit\u00e9 un livret r\u00e9capitulatif de vingt pages distribu\u00e9 aux participants.<\/p>\n<p>Une s\u00e9lection de 35 livres<\/p>\n<p>Parmi les 35 livres mis en avant, on peut notamment retrouver \u00ab\u00a0La Nuit au c\u0153ur\u00a0\u00bb de Nathacha Appanah, pl\u00e9biscit\u00e9 par de nombreux m\u00e9dias mais aussi \u00ab\u00a0Zem\u00a0\u00bb, de Laurent Gaud\u00e9 (\u00e9ditions Actes Sud), un livre dans l\u2019univers de son best-seller \u00ab\u00a0Chien 51\u00a0\u00bb qui sortira dans quelques semaines au cin\u00e9ma. Mais aussi une s\u00e9lection des \u00e9ditions de L\u2019Iconoclaste, pr\u00e9sent samedi avec Alexandra Profizi, venue pr\u00e9senter aux Guingampais trois des livres sortis r\u00e9cemment.<\/p>\n<p>\u00ab\u00a0Marcher dans tes pas\u00a0\u00bb de L\u00e9onor de R\u00e9condo, \u00ab\u00a0Le Monde est fatigu\u00e9\u00a0\u00bb de Joseph Incardona, \u00ab\u00a0Aimer\u00a0\u00bb de Sarah Chiche et bien d\u2019autres sont \u00e0 d\u00e9couvrir dans les \u00e9tals de la librairie.<\/p>\n","protected":false},"excerpt":{"rendered":"C\u2019est l\u2019heure de la rentr\u00e9e pour Mots &amp; Images. La librairie guingampaise, situ\u00e9e au 10, rue Saint-Yves, organisait&hellip;\n","protected":false},"author":2,"featured_media":423391,"comment_status":"","ping_status":"","sticky":false,"template":"","format":"standard","meta":{"footnotes":""},"categories":[1357],"tags":[1379,58,59,1011,27,4044,1380],"class_list":{"0":"post-423390","1":"post","2":"type-post","3":"status-publish","4":"format-standard","5":"has-post-thumbnail","7":"category-livres","8":"tag-books","9":"tag-divertissement","10":"tag-entertainment","11":"tag-fr","12":"tag-france","13":"tag-guingamp","14":"tag-livres"},"share_on_mastodon":{"url":"https:\/\/pubeurope.com\/@fr\/115281148236244236","error":""},"_links":{"self":[{"href":"https:\/\/www.europesays.com\/fr\/wp-json\/wp\/v2\/posts\/423390","targetHints":{"allow":["GET"]}}],"collection":[{"href":"https:\/\/www.europesays.com\/fr\/wp-json\/wp\/v2\/posts"}],"about":[{"href":"https:\/\/www.europesays.com\/fr\/wp-json\/wp\/v2\/types\/post"}],"author":[{"embeddable":true,"href":"https:\/\/www.europesays.com\/fr\/wp-json\/wp\/v2\/users\/2"}],"replies":[{"embeddable":true,"href":"https:\/\/www.europesays.com\/fr\/wp-json\/wp\/v2\/comments?post=423390"}],"version-history":[{"count":0,"href":"https:\/\/www.europesays.com\/fr\/wp-json\/wp\/v2\/posts\/423390\/revisions"}],"wp:featuredmedia":[{"embeddable":true,"href":"https:\/\/www.europesays.com\/fr\/wp-json\/wp\/v2\/media\/423391"}],"wp:attachment":[{"href":"https:\/\/www.europesays.com\/fr\/wp-json\/wp\/v2\/media?parent=423390"}],"wp:term":[{"taxonomy":"category","embeddable":true,"href":"https:\/\/www.europesays.com\/fr\/wp-json\/wp\/v2\/categories?post=423390"},{"taxonomy":"post_tag","embeddable":true,"href":"https:\/\/www.europesays.com\/fr\/wp-json\/wp\/v2\/tags?post=423390"}],"curies":[{"name":"wp","href":"https:\/\/api.w.org\/{rel}","templated":true}]}}