{"id":423392,"date":"2025-09-28T09:11:09","date_gmt":"2025-09-28T09:11:09","guid":{"rendered":"https:\/\/www.europesays.com\/fr\/423392\/"},"modified":"2025-09-28T09:11:09","modified_gmt":"2025-09-28T09:11:09","slug":"audiences-2e-ps-avec-sheila-eric-dupond-moretti-ou-encore-julie-depardieu-quelle-epoque-hier-soir-sur-france-2-a-attire-un-peu-plus-dun-million-de-telespectateurs","status":"publish","type":"post","link":"https:\/\/www.europesays.com\/fr\/423392\/","title":{"rendered":"Audiences 2e PS : Avec Sheila, Eric Dupond-Moretti ou encore Julie Depardieu, \u00ab\u00a0Quelle \u00e9poque\u00a0\u00bb hier soir sur France 2 a attir\u00e9 un peu plus d&rsquo;un million de t\u00e9l\u00e9spectateurs"},"content":{"rendered":"<p>Avec Sheila, Eric Dupond-Moretti ou encore Julie Depardieu, \u00ab\u00a0Quelle \u00e9poque\u00a0\u00bb hier soir sur France 2 a attir\u00e9 un peu plus d&rsquo;un million de t\u00e9l\u00e9spectateurs. L&rsquo;\u00e9mission pr\u00e9sent\u00e9e par L\u00e9a Salam\u00e9 \u00e9tait diffus\u00e9e sur France 2 \u00e0 partir de 23h33, juste apr\u00e8s le num\u00e9ro sp\u00e9cial de Taratata.<\/p>\n<p>Le programme repasse donc au-dessus de la barre symbolique du million, apr\u00e8s un premier num\u00e9ro la semaine derni\u00e8re avec une audience compliqu\u00e9e.<\/p>\n<p>Voil\u00e0 qui va sans aucun doute redonner du baume au coeur de L\u00e9a Salam\u00e9, donc le 20h ne parvient pas \u00e0 s\u00e9duire les t\u00e9l\u00e9spectateurs apr\u00e8s un mois d&rsquo;antenne et alors que les audiences sont en recul par rapport \u00e0 la saison derni\u00e8re.<\/p>\n<p>\u00a0<\/p>\n<p>        Quelle \u00e9poque<br \/>\n        25 % de PDA\n        <\/p>\n<p>        1 131 000<\/p>\n<p>        Les secrets du Finist\u00e8re<br \/>\n        10.8 % de PDA\n        <\/p>\n<p>        981 000<\/p>\n<p>        Le grand concours (Redif)<br \/>\n        5.3 % de PDA\n        <\/p>\n<p>        636 000<\/p>\n<p>        Echapp\u00e9es belles<br \/>\n        2.8 % de PDA\n        <\/p>\n<p>        275 000<\/p>\n<p>        Et si on se rencontrait ?<br \/>\n        3.4 % de PDA\n        <\/p>\n<p>        227 000<\/p>\n<p>        Le mamouth (Doc)<br \/>\n        2 % de PDA\n        <\/p>\n<p>        144 000<\/p>\n<p>  Le Top des parts de march\u00e9<\/p>\n","protected":false},"excerpt":{"rendered":"Avec Sheila, Eric Dupond-Moretti ou encore Julie Depardieu, \u00ab\u00a0Quelle \u00e9poque\u00a0\u00bb hier soir sur France 2 a attir\u00e9 un&hellip;\n","protected":false},"author":2,"featured_media":423393,"comment_status":"","ping_status":"","sticky":false,"template":"","format":"standard","meta":{"footnotes":""},"categories":[1356],"tags":[58,59,1011,27,3775,3778,252,1364],"class_list":{"0":"post-423392","1":"post","2":"type-post","3":"status-publish","4":"format-standard","5":"has-post-thumbnail","7":"category-television","8":"tag-divertissement","9":"tag-entertainment","10":"tag-fr","11":"tag-france","12":"tag-lu00e9a-salamu00e9","13":"tag-quelle-u00e9poque","14":"tag-television","15":"tag-tv"},"share_on_mastodon":{"url":"https:\/\/pubeurope.com\/@fr\/115281152152425438","error":""},"_links":{"self":[{"href":"https:\/\/www.europesays.com\/fr\/wp-json\/wp\/v2\/posts\/423392","targetHints":{"allow":["GET"]}}],"collection":[{"href":"https:\/\/www.europesays.com\/fr\/wp-json\/wp\/v2\/posts"}],"about":[{"href":"https:\/\/www.europesays.com\/fr\/wp-json\/wp\/v2\/types\/post"}],"author":[{"embeddable":true,"href":"https:\/\/www.europesays.com\/fr\/wp-json\/wp\/v2\/users\/2"}],"replies":[{"embeddable":true,"href":"https:\/\/www.europesays.com\/fr\/wp-json\/wp\/v2\/comments?post=423392"}],"version-history":[{"count":0,"href":"https:\/\/www.europesays.com\/fr\/wp-json\/wp\/v2\/posts\/423392\/revisions"}],"wp:featuredmedia":[{"embeddable":true,"href":"https:\/\/www.europesays.com\/fr\/wp-json\/wp\/v2\/media\/423393"}],"wp:attachment":[{"href":"https:\/\/www.europesays.com\/fr\/wp-json\/wp\/v2\/media?parent=423392"}],"wp:term":[{"taxonomy":"category","embeddable":true,"href":"https:\/\/www.europesays.com\/fr\/wp-json\/wp\/v2\/categories?post=423392"},{"taxonomy":"post_tag","embeddable":true,"href":"https:\/\/www.europesays.com\/fr\/wp-json\/wp\/v2\/tags?post=423392"}],"curies":[{"name":"wp","href":"https:\/\/api.w.org\/{rel}","templated":true}]}}