{"id":423394,"date":"2025-09-28T09:12:11","date_gmt":"2025-09-28T09:12:11","guid":{"rendered":"https:\/\/www.europesays.com\/fr\/423394\/"},"modified":"2025-09-28T09:12:11","modified_gmt":"2025-09-28T09:12:11","slug":"patrick-bruel-son-hotel-en-provence-dezingue-le-chanteur-riposte-pour-la-premiere-fois","status":"publish","type":"post","link":"https:\/\/www.europesays.com\/fr\/423394\/","title":{"rendered":"Patrick Bruel : son h\u00f4tel en Provence d\u00e9zingu\u00e9, le chanteur riposte pour la premi\u00e8re fois"},"content":{"rendered":"<p>      R\u00e9sum\u00e9<\/p>\n<p>Patrick Bruel, d\u00e9sormais h\u00f4telier en Provence, r\u00e9pond aux critiques concernant son \u00e9tablissement de luxe, soulignant les d\u00e9fis et les satisfactions li\u00e9s \u00e0 cette nouvelle aventure.<\/p>\n<p>        Sommaire<\/p>\n<p>Depuis plusieurs mois, <a href=\"https:\/\/www.public.fr\/patrick-bruel-decoit-le-directeur-de-son-hotel-de-luxe-reconnait-de-gros-loupes-les-clients-ne-machent-pas-leurs-mots\" target=\"_blank\" rel=\"noopener\"><strong>Patrick Bruel<\/strong> <\/a>ne se contente plus de faire chanter les foules. L\u2019artiste est aussi devenu patron d\u2019un \u00e9tablissement haut de gamme : <strong>L\u2019Isle de L\u00e9os<\/strong>. C&rsquo;est un <strong>h\u00f4tel 5 \u00e9toiles <\/strong>situ\u00e9 \u00e0 L\u2019Isle-sur-la-Sorgue, en hommage \u00e0 ses deux fils, L\u00e9on et Oscar.<\/p>\n<p>Piscine, spa, restaurant gastronomique, suites somptueuses\u2026 tout y est pour attirer une <strong>client\u00e8le exigeante<\/strong>. Mais voil\u00e0, le projet n\u2019a pas fait l\u2019unanimit\u00e9 et <strong>certains clients ont eu la critique facile.<\/strong><\/p>\n<p>Patrick Bruel r\u00e9pond aux critiques<\/p>\n<p>Entre les <strong>bruits de perceuse au petit matin<\/strong>, l\u2019ascenseur capricieux ou encore les ouvriers crois\u00e9s au petit-d\u00e9jeuner, des <strong>vacanciers n\u2019ont pas cach\u00e9 leur d\u00e9ception<\/strong>. \u00c0 cela s\u2019ajoute un probl\u00e8me inattendu : la \u00ab\u00a0Bruelmania\u00a0\u00bb. Des fans de l\u2019interpr\u00e8te de Casser la voix n\u2019h\u00e9sitent pas \u00e0 <strong>envahir les lieux pour immortaliser un selfie<\/strong>, au grand d\u00e9sarroi des clients venus chercher le calme.<\/p>\n<p>Face \u00e0 ces attaques, le chanteur de 66 ans a choisi de r\u00e9pliquer. Dans une interview \u00e0 La Provence, Patrick Bruel n\u2019a pas m\u00e2ch\u00e9 ses mots : \u00ab\u00a0Il y a un type qui a d\u00e9crit toute sa journ\u00e9e au spa avec tout ce qu\u2019il n\u2019avait pas aim\u00e9&#8230; alors que le spa n\u2019\u00e9tait pas encore ouvert \u00e0 cette date !\u00a0\u00bb. De quoi \u00e9nerver l\u2019artiste, qui d\u00e9nonce une <strong>\u00ab\u00a0malhonn\u00eatet\u00e9 intellectuelle\u00a0\u00bb.<\/strong><\/p>\n<p>Mais fid\u00e8le \u00e0 son temp\u00e9rament, Patrick Bruel pr\u00e9f\u00e8re<strong> voir le verre \u00e0 moiti\u00e9 plein<\/strong>. \u00ab\u00a0Mais ce n&rsquo;est tellement rien \u00e0 c\u00f4t\u00e9 des satisfactions immenses des gens qui viennent vraiment\u00a0\u00bb, a-t-il relativis\u00e9. Pour lui, les critiques font partie du jeu : \u00ab\u00a0Que des gens viennent ici et aient un <strong>regard critique et fassent des remarques<\/strong>, c\u2019est tout \u00e0 fait l\u00e9gitime. Et c\u2019est normal quand on s\u2019expose.\u00a0\u00bb.<\/p>\n<p>Patrick Bruel, un h\u00f4telier passionn\u00e9 mais stress\u00e9<\/p>\n<p>Donc, malgr\u00e9 le bruit et les m\u00e9contents, <strong>la passion d\u2019abord<\/strong>. Et sur ce terrain, Patrick Bruel ne se laisse jamais impressionner. Il s\u2019\u00e9panouit dans sa <strong>nouvelle casquette de patron<\/strong>, mais ne cache pas que la t\u00e2che est loin d\u2019\u00eatre simple. Dans <a href=\"https:\/\/www.public.fr\/isabelle-ithurburu-apres-50-inside-et-le-jt-de-13h-on-lui-confie-une-autre-emission-culte-chez-tf1\" target=\"_blank\" rel=\"noopener\">50\u2019 Inside<\/a>, il confiait r\u00e9cemment : \u00ab\u00a0Je ne pensais pas que ce serait un si <strong>gros bateau.<\/strong>\u00ab\u00a0.<\/p>\n<p>Patrick Bruel d\u00e9couvre chaque jour l\u2019exigence du monde de l\u2019h\u00f4tellerie de luxe, entre <strong>nuits blanches<\/strong> et gros coups de stress. Perfectionniste, il veille \u00e0 tout, jusque dans les d\u00e9tails du quotidien de ses \u00e9quipes. Par exemple, pour les femmes de chambre, il a eu une belle id\u00e9e : \u00ab\u00a0Un l\u00e8ve-lit, c\u2019est formidable\u2026 elles ne se cassent pas le dos.\u00a0\u00bb. Cela montre bien qu&rsquo;il pense \u00e0 tout. Pour Patrick Bruel, cet <strong>h\u00f4tel en Provence<\/strong> est un <strong>projet de c\u0153ur<\/strong>. \u00ab\u00a0S\u2019implanter en Provence, c\u2019est le juste milieu. Je voulais<strong> signifier mes racines et en donner \u00e0 mes fils<\/strong>\u00ab\u00a0, expliquait-il d\u00e9j\u00e0 en 2021.<\/p>\n<p>      Mentionn\u00e9s dans cet article<\/p>\n<p>      Sur le m\u00eame sujet<\/p>\n","protected":false},"excerpt":{"rendered":"R\u00e9sum\u00e9 Patrick Bruel, d\u00e9sormais h\u00f4telier en Provence, r\u00e9pond aux critiques concernant son \u00e9tablissement de luxe, soulignant les d\u00e9fis&hellip;\n","protected":false},"author":2,"featured_media":423395,"comment_status":"","ping_status":"","sticky":false,"template":"","format":"standard","meta":{"footnotes":""},"categories":[1355],"tags":[58,59,1011,27,1361,873,5473],"class_list":{"0":"post-423394","1":"post","2":"type-post","3":"status-publish","4":"format-standard","5":"has-post-thumbnail","7":"category-musique","8":"tag-divertissement","9":"tag-entertainment","10":"tag-fr","11":"tag-france","12":"tag-music","13":"tag-musique","14":"tag-patrick-bruel"},"share_on_mastodon":{"url":"https:\/\/pubeurope.com\/@fr\/115281156144932425","error":""},"_links":{"self":[{"href":"https:\/\/www.europesays.com\/fr\/wp-json\/wp\/v2\/posts\/423394","targetHints":{"allow":["GET"]}}],"collection":[{"href":"https:\/\/www.europesays.com\/fr\/wp-json\/wp\/v2\/posts"}],"about":[{"href":"https:\/\/www.europesays.com\/fr\/wp-json\/wp\/v2\/types\/post"}],"author":[{"embeddable":true,"href":"https:\/\/www.europesays.com\/fr\/wp-json\/wp\/v2\/users\/2"}],"replies":[{"embeddable":true,"href":"https:\/\/www.europesays.com\/fr\/wp-json\/wp\/v2\/comments?post=423394"}],"version-history":[{"count":0,"href":"https:\/\/www.europesays.com\/fr\/wp-json\/wp\/v2\/posts\/423394\/revisions"}],"wp:featuredmedia":[{"embeddable":true,"href":"https:\/\/www.europesays.com\/fr\/wp-json\/wp\/v2\/media\/423395"}],"wp:attachment":[{"href":"https:\/\/www.europesays.com\/fr\/wp-json\/wp\/v2\/media?parent=423394"}],"wp:term":[{"taxonomy":"category","embeddable":true,"href":"https:\/\/www.europesays.com\/fr\/wp-json\/wp\/v2\/categories?post=423394"},{"taxonomy":"post_tag","embeddable":true,"href":"https:\/\/www.europesays.com\/fr\/wp-json\/wp\/v2\/tags?post=423394"}],"curies":[{"name":"wp","href":"https:\/\/api.w.org\/{rel}","templated":true}]}}