{"id":423400,"date":"2025-09-28T09:15:12","date_gmt":"2025-09-28T09:15:12","guid":{"rendered":"https:\/\/www.europesays.com\/fr\/423400\/"},"modified":"2025-09-28T09:15:12","modified_gmt":"2025-09-28T09:15:12","slug":"ol-8-blesses-au-losc-la-menace-olivier-giroud","status":"publish","type":"post","link":"https:\/\/www.europesays.com\/fr\/423400\/","title":{"rendered":"OL : 8 bless\u00e9s au LOSC, la menace Olivier Giroud"},"content":{"rendered":"<p>                            <img width=\"770\" height=\"433\" src=\"https:\/\/www.europesays.com\/fr\/wp-content\/uploads\/2025\/09\/Capture-decran-2025-09-26-080642-e1758866874459-770x433.jpg\" class=\"attachment-article size-article wp-post-image\" alt=\"Olivier Giroud \u00e0 Lille\" decoding=\"async\" fetchpriority=\"high\"  \/><\/p>\n<p>Olivier Giroud \u00e0 Lille (@UEFA)<\/p>\n<p>Loin d&rsquo;\u00eatre au complet, Lille compte ses bless\u00e9s au moment de recevoir l&rsquo;OL. Mais son attaquant Olivier Giroud est bien l\u00e0, et c&rsquo;est une menace.<\/p>\n<p>Si offensivement, Lille a des atouts \u00e0 faire valoir, c&rsquo;est moins le cas de son secteur d\u00e9fensif, qui <a href=\"https:\/\/www.olympique-et-lyonnais.com\/lille-sans-son-gardien-ni-son-capitaine-face-a-lol,381289.html\" target=\"_blank\" rel=\"noopener\">sera d\u00e9plum\u00e9<\/a> \u00e0 l&rsquo;heure d&rsquo;affronter l&rsquo;OL ce dimanche (17h15). Car il lui manquera son portier, Berke <strong>\u00d6zer<\/strong>, son d\u00e9fenseur central, <strong>Alexsandro<\/strong>, ainsi que ses lat\u00e9raux Romain <strong>Perraud <\/strong>et Thomas <strong>Meunier<\/strong>. <\/p>\n<p>Nous pouvons m\u00eame ajouter \u00e0 ce constat l&rsquo;absence forc\u00e9ment pr\u00e9judiciable du capitaine et milieu r\u00e9cup\u00e9rateur Benjamin <strong>Andr\u00e9<\/strong>. L&rsquo;infirmerie lilloise est presque pleine, puisque s&rsquo;y trouve par ailleurs Marc-Aur\u00e8le <strong>Caillard <\/strong>(gardien), Ousmane Tour\u00e9 (d\u00e9fenseur) et Ugo <strong>Raghouber <\/strong>(milieu). Bruno <strong>Genesio <\/strong>a donc moins de choix sous la main. <\/p>\n<p>Une attaque au complet<\/p>\n<p>Mais ces huit forfaits n&rsquo;impactent pas vraiment l&rsquo;attaque, qui, sur le papier, a de quoi impressionner. F\u00e9lix <strong>Correia<\/strong>, Hamza\u00a0<strong>Igamane\u00a0<\/strong>et Mat\u00edas\u00a0<strong>Fern\u00e1ndez-Pardo<\/strong> sont capables avec peu de d\u00e9bloquer des situations. H\u00e1kon <strong>Haraldsson <\/strong>est dans le creux, mais il lui arrive de porter le brassard en l&rsquo;absence d&rsquo;Andr\u00e9. Surtout, l&rsquo;ind\u00e9modable Olivier <strong>Giroud <\/strong>est toujours l\u00e0.<\/p>\n<p>Pr\u00e9serv\u00e9 en milieu de semaine, le champion du monde 2018, qui recroisera la route de <a href=\"https:\/\/www.olympique-et-lyonnais.com\/lille-ol-retour-de-corentin-tolisso-teo-barisic-laisse-sa-place,381316.html\" target=\"_blank\" rel=\"noopener\">Corentin <strong>Tolisso<\/strong><\/a>, devrait \u00eatre titulaire. Et m\u00eame avec moins de temps de jeu, il est encore tr\u00e8s pr\u00e9cieux, comme le prouve <a href=\"https:\/\/www.olympique-et-lyonnais.com\/avant-de-recevoir-lol-lille-sen-remet-a-olivier-giroud,381183.html\" target=\"_blank\" rel=\"noopener\">son but<\/a> face \u00e0 Brann jeudi (2-1). <a href=\"https:\/\/www.olympique-et-lyonnais.com\/ol-les-confidences-de-paolo-fonseca-sur-son-retour-a-lille-et-olivier-giroud,381292.html\" target=\"_blank\" rel=\"noopener\">Paolo <strong>Fonseca<\/strong><\/a><strong> <\/strong>le respecte autant qu&rsquo;il s&rsquo;en m\u00e9fie, et il a sans doute raison. <\/p>\n<p>Attention aux duels a\u00e9riens<\/p>\n<p>Les Nordistes ont en effet gagn\u00e9 presque 60 % de leurs duels a\u00e9riens cette saison en Ligue 1, plus que n&rsquo;importe qui. Et l&rsquo;avant-centre n&rsquo;y est par pour rien. Autour de lui, des gar\u00e7ons comme Ayyoub <strong>Bouaddi <\/strong>et Nabil <strong>Bentaleb <\/strong>ont un r\u00f4le majeur dans l&rsquo;entrejeu. C&rsquo;est en tout cas une belle bataille qui attend les Lyonnais au stade Pierre-Mauroy. <\/p>\n<p><strong>Le groupe de Lille :<\/strong> Bodart, Sajous, Merzouk &#8211; Santos, Mbemba, Mandi, Ngoy, Verdonk, Goffi &#8211; Mukau, Bouaddi, Haraldsson, Bentaleb, Gomes, E. Mbapp\u00e9 &#8211; Giroud, Fernandez-Pardo, Igamane, Broholm, Sahraoui, Correia<\/p>\n","protected":false},"excerpt":{"rendered":"Olivier Giroud \u00e0 Lille (@UEFA) Loin d&rsquo;\u00eatre au complet, Lille compte ses bless\u00e9s au moment de recevoir l&rsquo;OL.&hellip;\n","protected":false},"author":2,"featured_media":418577,"comment_status":"","ping_status":"","sticky":false,"template":"","format":"standard","meta":{"footnotes":""},"categories":[9],"tags":[1011,27,1307,241,60],"class_list":{"0":"post-423400","1":"post","2":"type-post","3":"status-publish","4":"format-standard","5":"has-post-thumbnail","7":"category-sports","8":"tag-fr","9":"tag-france","10":"tag-lille","11":"tag-ol","12":"tag-sports"},"share_on_mastodon":{"url":"https:\/\/pubeurope.com\/@fr\/115281168000988240","error":""},"_links":{"self":[{"href":"https:\/\/www.europesays.com\/fr\/wp-json\/wp\/v2\/posts\/423400","targetHints":{"allow":["GET"]}}],"collection":[{"href":"https:\/\/www.europesays.com\/fr\/wp-json\/wp\/v2\/posts"}],"about":[{"href":"https:\/\/www.europesays.com\/fr\/wp-json\/wp\/v2\/types\/post"}],"author":[{"embeddable":true,"href":"https:\/\/www.europesays.com\/fr\/wp-json\/wp\/v2\/users\/2"}],"replies":[{"embeddable":true,"href":"https:\/\/www.europesays.com\/fr\/wp-json\/wp\/v2\/comments?post=423400"}],"version-history":[{"count":0,"href":"https:\/\/www.europesays.com\/fr\/wp-json\/wp\/v2\/posts\/423400\/revisions"}],"wp:featuredmedia":[{"embeddable":true,"href":"https:\/\/www.europesays.com\/fr\/wp-json\/wp\/v2\/media\/418577"}],"wp:attachment":[{"href":"https:\/\/www.europesays.com\/fr\/wp-json\/wp\/v2\/media?parent=423400"}],"wp:term":[{"taxonomy":"category","embeddable":true,"href":"https:\/\/www.europesays.com\/fr\/wp-json\/wp\/v2\/categories?post=423400"},{"taxonomy":"post_tag","embeddable":true,"href":"https:\/\/www.europesays.com\/fr\/wp-json\/wp\/v2\/tags?post=423400"}],"curies":[{"name":"wp","href":"https:\/\/api.w.org\/{rel}","templated":true}]}}