{"id":423411,"date":"2025-09-28T09:24:12","date_gmt":"2025-09-28T09:24:12","guid":{"rendered":"https:\/\/www.europesays.com\/fr\/423411\/"},"modified":"2025-09-28T09:24:12","modified_gmt":"2025-09-28T09:24:12","slug":"saint-etienne-lisa-carmona-est-la-nouvelle-miss-excellence-loire-forez","status":"publish","type":"post","link":"https:\/\/www.europesays.com\/fr\/423411\/","title":{"rendered":"Saint-\u00c9tienne. Lisa Carmona est la nouvelle Miss Excellence Loire-Forez"},"content":{"rendered":"<p>C\u2019est un incontournable auquel Christiane Lillio ne d\u00e9rogerait pour rien au monde. Qui dit foire \u00e9conomique de Saint-\u00c9tienne, dit \u00e9lection de sa nouvelle reine de beaut\u00e9 pour le concours Miss Excellence Loire-Forez. Cette ann\u00e9e n\u2019a pas \u00e9chapp\u00e9 \u00e0 la tradition et, pour la deuxi\u00e8me fois cons\u00e9cutive, c\u2019est \u00e0 l\u2019espace Fauriel-La Verri\u00e8re que s\u2019est tenue l\u2019\u00e9lection. Devant un parterre d\u2019invit\u00e9s et de spectateurs (dont de nombreux supporters des candidates), les onze pr\u00e9tendantes ont d\u00e9fil\u00e9 en tenue de ville, en maillot de bain ou en robe de c\u00e9r\u00e9monie. Elles ont \u00e9galement expliqu\u00e9 leurs motivations \u00e0 se pr\u00e9senter \u00e0 ce concours entre plusieurs tableaux musicaux.<\/p>\n<p>Sloane, l\u2019iconique interpr\u00e8te de \u00ab\u00a0Besoin de rien, envie de toi\u00a0\u00bb, \u00e9tait \u00e0 la baguette pour assurer le spectacle. Elle a livr\u00e9 plusieurs reprises de tubes des ann\u00e9es 80 comme \u00ab\u00a0\u00c8ve l\u00e8ve toi\u00a0\u00bb, et un medley des ann\u00e9es 90 avec Gala ou encore Myl\u00e8ne Farmer.<\/p>\n<p>Apr\u00e8s le vote du public et celui du jury (pr\u00e9sid\u00e9 exceptionnellement par Andr\u00e9 Luquet en l\u2019absence du maire de Saint-\u00c9tienne), le podium s\u2019est dessin\u00e9.<\/p>\n<p>  \u00ab\u00a0Cette ann\u00e9e qui s\u2019ouvre \u00e7a va \u00eatre une belle aventure\u00a0\u00bb<\/p>\n<p>A \u00e9t\u00e9 \u00e9lue deuxi\u00e8me dauphine Jane Coulibaly, juste derri\u00e8re Ambre Tucceri. La candidate qui a rafl\u00e9 la mise est Lisa Carmona originaire d\u2019Andr\u00e9zieux-Bouth\u00e9on et \u00e2g\u00e9e de 21 ans.<\/p>\n<p>\u00ab\u00a0Je suis hyper contente, et surtout ma famille est tr\u00e8s fi\u00e8re\u00a0\u00bb, nous a-t-elle confi\u00e9 quelques minutes apr\u00e8s son sacre. \u00ab\u00a0Cette ann\u00e9e qui s\u2019ouvre \u00e7a va \u00eatre une belle aventure aux c\u00f4t\u00e9s de Christiane. J\u2019aurai \u00e0 c\u0153ur d\u2019\u00eatre ambassadrice de la beaut\u00e9. Et puis il y aura la finale nationale \u00e0 pr\u00e9parer\u00a0\u00bb.<\/p>\n<p>En attendant la nouvelle miss va mettre ses activit\u00e9s professionnelles de c\u00f4t\u00e9. \u00ab\u00a0Je suis foraine, je m\u2019occupe de stands et man\u00e8ges avec ma famille. Nous sommes quatre fr\u00e8res et s\u0153urs et ils sont tous tr\u00e8s contents pour moi, ma famille m\u2019a vraiment pouss\u00e9e \u00e0 faire ce concours\u00a0\u00bb.<\/p>\n","protected":false},"excerpt":{"rendered":"C\u2019est un incontournable auquel Christiane Lillio ne d\u00e9rogerait pour rien au monde. Qui dit foire \u00e9conomique de Saint-\u00c9tienne,&hellip;\n","protected":false},"author":2,"featured_media":423412,"comment_status":"","ping_status":"","sticky":false,"template":"","format":"standard","meta":{"footnotes":""},"categories":[9653],"tags":[1111,11,2430,1687,7539,1777,674,1011,27,12,25,4001,7538,3140],"class_list":{"0":"post-423411","1":"post","2":"type-post","3":"status-publish","4":"format-standard","5":"has-post-thumbnail","7":"category-saint-etienne","8":"tag-actu","9":"tag-actualites","10":"tag-auvergne-rhone-alpes","11":"tag-culture-loisirs","12":"tag-edition-loire-sud","13":"tag-eu","14":"tag-europe","15":"tag-fr","16":"tag-france","17":"tag-news","18":"tag-republique-francaise","19":"tag-saint-etienne","20":"tag-saint-etienne-ville","21":"tag-spectacle"},"share_on_mastodon":{"url":"https:\/\/pubeurope.com\/@fr\/115281203246035466","error":""},"_links":{"self":[{"href":"https:\/\/www.europesays.com\/fr\/wp-json\/wp\/v2\/posts\/423411","targetHints":{"allow":["GET"]}}],"collection":[{"href":"https:\/\/www.europesays.com\/fr\/wp-json\/wp\/v2\/posts"}],"about":[{"href":"https:\/\/www.europesays.com\/fr\/wp-json\/wp\/v2\/types\/post"}],"author":[{"embeddable":true,"href":"https:\/\/www.europesays.com\/fr\/wp-json\/wp\/v2\/users\/2"}],"replies":[{"embeddable":true,"href":"https:\/\/www.europesays.com\/fr\/wp-json\/wp\/v2\/comments?post=423411"}],"version-history":[{"count":0,"href":"https:\/\/www.europesays.com\/fr\/wp-json\/wp\/v2\/posts\/423411\/revisions"}],"wp:featuredmedia":[{"embeddable":true,"href":"https:\/\/www.europesays.com\/fr\/wp-json\/wp\/v2\/media\/423412"}],"wp:attachment":[{"href":"https:\/\/www.europesays.com\/fr\/wp-json\/wp\/v2\/media?parent=423411"}],"wp:term":[{"taxonomy":"category","embeddable":true,"href":"https:\/\/www.europesays.com\/fr\/wp-json\/wp\/v2\/categories?post=423411"},{"taxonomy":"post_tag","embeddable":true,"href":"https:\/\/www.europesays.com\/fr\/wp-json\/wp\/v2\/tags?post=423411"}],"curies":[{"name":"wp","href":"https:\/\/api.w.org\/{rel}","templated":true}]}}