{"id":423413,"date":"2025-09-28T09:25:12","date_gmt":"2025-09-28T09:25:12","guid":{"rendered":"https:\/\/www.europesays.com\/fr\/423413\/"},"modified":"2025-09-28T09:25:12","modified_gmt":"2025-09-28T09:25:12","slug":"nancy-lavenir-du-marche-central-passe-par-une-delegation-de-service-public","status":"publish","type":"post","link":"https:\/\/www.europesays.com\/fr\/423413\/","title":{"rendered":"Nancy. L&rsquo;avenir du march\u00e9 central passe par une d\u00e9l\u00e9gation de service public"},"content":{"rendered":"<p>Le march\u00e9 central nanc\u00e9ien\u2026 Son incroyable histoire, ses commer\u00e7ants et artisans, sa diversit\u00e9. Ce lieu de vie de la cit\u00e9 ducale a travers\u00e9 les \u00e9poques et a su s\u2019adapter aux changements d\u2019habitudes des clients.<\/p>\n<p>Mais voil\u00e0. Apr\u00e8s des ann\u00e9es de bricolages et de rustines plac\u00e9es ici et l\u00e0, le site, \u00e0 l\u2019architecture remarquable, a besoin d\u2019un nouveau souffle. Et d\u2019une s\u00e9rieuse reprise en main. Pour cela, la&#8230;<\/p>\n","protected":false},"excerpt":{"rendered":"Le march\u00e9 central nanc\u00e9ien\u2026 Son incroyable histoire, ses commer\u00e7ants et artisans, sa diversit\u00e9. Ce lieu de vie de&hellip;\n","protected":false},"author":2,"featured_media":423414,"comment_status":"","ping_status":"","sticky":false,"template":"","format":"standard","meta":{"footnotes":""},"categories":[9635],"tags":[1111,11,4406,33,1704,1777,674,1011,27,775,1702,1703,12,25],"class_list":{"0":"post-423413","1":"post","2":"type-post","3":"status-publish","4":"format-standard","5":"has-post-thumbnail","7":"category-nancy","8":"tag-actu","9":"tag-actualites","10":"tag-commerce-et-services","11":"tag-economie","12":"tag-edition-nancy-et-agglomeration","13":"tag-eu","14":"tag-europe","15":"tag-fr","16":"tag-france","17":"tag-grand-est","18":"tag-nancy","19":"tag-nancy-ville-54b","20":"tag-news","21":"tag-republique-francaise"},"share_on_mastodon":{"url":"https:\/\/pubeurope.com\/@fr\/115281207166235025","error":""},"_links":{"self":[{"href":"https:\/\/www.europesays.com\/fr\/wp-json\/wp\/v2\/posts\/423413","targetHints":{"allow":["GET"]}}],"collection":[{"href":"https:\/\/www.europesays.com\/fr\/wp-json\/wp\/v2\/posts"}],"about":[{"href":"https:\/\/www.europesays.com\/fr\/wp-json\/wp\/v2\/types\/post"}],"author":[{"embeddable":true,"href":"https:\/\/www.europesays.com\/fr\/wp-json\/wp\/v2\/users\/2"}],"replies":[{"embeddable":true,"href":"https:\/\/www.europesays.com\/fr\/wp-json\/wp\/v2\/comments?post=423413"}],"version-history":[{"count":0,"href":"https:\/\/www.europesays.com\/fr\/wp-json\/wp\/v2\/posts\/423413\/revisions"}],"wp:featuredmedia":[{"embeddable":true,"href":"https:\/\/www.europesays.com\/fr\/wp-json\/wp\/v2\/media\/423414"}],"wp:attachment":[{"href":"https:\/\/www.europesays.com\/fr\/wp-json\/wp\/v2\/media?parent=423413"}],"wp:term":[{"taxonomy":"category","embeddable":true,"href":"https:\/\/www.europesays.com\/fr\/wp-json\/wp\/v2\/categories?post=423413"},{"taxonomy":"post_tag","embeddable":true,"href":"https:\/\/www.europesays.com\/fr\/wp-json\/wp\/v2\/tags?post=423413"}],"curies":[{"name":"wp","href":"https:\/\/api.w.org\/{rel}","templated":true}]}}