{"id":423415,"date":"2025-09-28T09:26:16","date_gmt":"2025-09-28T09:26:16","guid":{"rendered":"https:\/\/www.europesays.com\/fr\/423415\/"},"modified":"2025-09-28T09:26:16","modified_gmt":"2025-09-28T09:26:16","slug":"grand-nancy-la-tour-panoramique-de-maxeville-bientot-demolie-la-fin-dune-epoque","status":"publish","type":"post","link":"https:\/\/www.europesays.com\/fr\/423415\/","title":{"rendered":"Grand Nancy. La tour panoramique de Max\u00e9ville bient\u00f4t d\u00e9molie : la fin d&rsquo;une \u00e9poque"},"content":{"rendered":"<p>C\u2019est un symbole d\u2019une autre \u00e9poque, des seventies o\u00f9 la crise du logement invitait \u00e0 construire, sur un espace foncier mesur\u00e9, en hauteur. Le quartier du Plateau de Haye est un t\u00e9moin de cette politique immobili\u00e8re qui a fait son temps.\u00a0\u00c9nergivores, ces constructions ne r\u00e9pondent plus aux enjeux climatiques, quand bien m\u00eame devaient-elles \u00eatre le fruit d\u2019une fr\u00e9n\u00e9tique utilisation de la planche \u00e0 billets pour les r\u00e9habiliter. Apr\u00e8s la r\u00e9habilitation du C\u00e8dre Bleu et du Tilleul argent\u00e9, le Plateau de Haye est ainsi en pleine reconfiguration.<\/p>\n<p>Construite en 1971 avec ces&#8230;<\/p>\n","protected":false},"excerpt":{"rendered":"C\u2019est un symbole d\u2019une autre \u00e9poque, des seventies o\u00f9 la crise du logement invitait \u00e0 construire, sur un&hellip;\n","protected":false},"author":2,"featured_media":423416,"comment_status":"","ping_status":"","sticky":false,"template":"","format":"standard","meta":{"footnotes":""},"categories":[9635],"tags":[1111,11,1687,33,1707,1704,1706,1705,1777,674,1011,27,775,1116,1908,10061,10262,1702,12,2661,25,104,133],"class_list":{"0":"post-423415","1":"post","2":"type-post","3":"status-publish","4":"format-standard","5":"has-post-thumbnail","7":"category-nancy","8":"tag-actu","9":"tag-actualites","10":"tag-culture-loisirs","11":"tag-economie","12":"tag-edition-luneville","13":"tag-edition-nancy-et-agglomeration","14":"tag-edition-pont-a-mousson","15":"tag-edition-toul","16":"tag-eu","17":"tag-europe","18":"tag-fr","19":"tag-france","20":"tag-grand-est","21":"tag-immobilier","22":"tag-logement","23":"tag-maxeville","24":"tag-metropole-du-grand-nancy-54b5","25":"tag-nancy","26":"tag-news","27":"tag-patrimoine-culturel","28":"tag-republique-francaise","29":"tag-societe","30":"tag-video"},"share_on_mastodon":{"url":"https:\/\/pubeurope.com\/@fr\/115281211160618585","error":""},"_links":{"self":[{"href":"https:\/\/www.europesays.com\/fr\/wp-json\/wp\/v2\/posts\/423415","targetHints":{"allow":["GET"]}}],"collection":[{"href":"https:\/\/www.europesays.com\/fr\/wp-json\/wp\/v2\/posts"}],"about":[{"href":"https:\/\/www.europesays.com\/fr\/wp-json\/wp\/v2\/types\/post"}],"author":[{"embeddable":true,"href":"https:\/\/www.europesays.com\/fr\/wp-json\/wp\/v2\/users\/2"}],"replies":[{"embeddable":true,"href":"https:\/\/www.europesays.com\/fr\/wp-json\/wp\/v2\/comments?post=423415"}],"version-history":[{"count":0,"href":"https:\/\/www.europesays.com\/fr\/wp-json\/wp\/v2\/posts\/423415\/revisions"}],"wp:featuredmedia":[{"embeddable":true,"href":"https:\/\/www.europesays.com\/fr\/wp-json\/wp\/v2\/media\/423416"}],"wp:attachment":[{"href":"https:\/\/www.europesays.com\/fr\/wp-json\/wp\/v2\/media?parent=423415"}],"wp:term":[{"taxonomy":"category","embeddable":true,"href":"https:\/\/www.europesays.com\/fr\/wp-json\/wp\/v2\/categories?post=423415"},{"taxonomy":"post_tag","embeddable":true,"href":"https:\/\/www.europesays.com\/fr\/wp-json\/wp\/v2\/tags?post=423415"}],"curies":[{"name":"wp","href":"https:\/\/api.w.org\/{rel}","templated":true}]}}