{"id":423419,"date":"2025-09-28T09:28:16","date_gmt":"2025-09-28T09:28:16","guid":{"rendered":"https:\/\/www.europesays.com\/fr\/423419\/"},"modified":"2025-09-28T09:28:16","modified_gmt":"2025-09-28T09:28:16","slug":"les-dix-commandements-pour-denicher-les-meilleurs-coins-a-champignons","status":"publish","type":"post","link":"https:\/\/www.europesays.com\/fr\/423419\/","title":{"rendered":"Les dix commandements pour d\u00e9nicher les meilleurs coins \u00e0 champignons"},"content":{"rendered":"<tr wp_automatic_readability=\"2.9166666666667\">\n<td valign=\"middle\" align=\"center\" class=\"col-logo\">\n    <img decoding=\"async\" src=\"https:\/\/www.europesays.com\/fr\/wp-content\/uploads\/2025\/05\/ouest-france.gif\" alt=\"logo Ouest-France\" height=\"66\"\/><\/p>\n<\/td>\n<td class=\"col-titre\">\n\t\t\tDimanche 28 septembre 2025 09:00<br \/>\n\t\t\t<a class=\"icon-bulle sizeL count\" href=\"#ancreAvis\"><br \/>\n\t&#8230;<br \/>\n<\/a><\/td>\n<\/tr>\n<p>\t\t<a class=\"mavillebox2 elmt-photo\" href=\"https:\/\/maville.com\/photosmvi\/2025\/09\/28\/P35490355D6996597G.jpg\" title=\" L\u2019automne rime avec la saison des champignons.  \u00a9  Photo\u00a0: Illustration Ouest-France  &lt;!--TAG-BLC credit--&gt;\" rel=\"galerie_actu noopener\" target=\"_blank\"><br \/>\n\t<img decoding=\"async\" src=\"https:\/\/www.europesays.com\/fr\/wp-content\/uploads\/2025\/09\/P35490355D6996597G_crop_640-330_.jpg\" alt=\"photo  l\u2019automne rime avec la saison des champignons.  \u00a9  photo\u00a0: illustration ouest-france \"\/><br \/>\n\t2<br \/>\n<\/a><\/p>\n<p class=\"elmt-legende\"> L\u2019automne rime avec la saison des champignons.  \u00a9  Photo\u00a0: Illustration Ouest-France  <\/p>\n<p><a class=\"mavillebox2\" href=\"https:\/\/maville.com\/photosmvi\/2025\/09\/28\/P35490356D6996597G.jpg\" title=\"voici les commandements \u00e0 respecter avant de partir \u00e0 la recherche des champignons, dans les bois\u2026 \u00a9  photo\u00a0: getty images \" rel=\"galerie_actu noopener\" target=\"_blank\"><\/p>\n<p>\t\tL\u2019automne se pr\u00eate parfaitement aux balades en for\u00eat et \u00e0 la traditionnelle cueillette des champignons. Mais o\u00f9 trouver les fameux \u00ab\u00a0bons coins\u00a0\u00bb que les habitu\u00e9s se gardent jalousement\u00a0? Un passionn\u00e9 de mycologie, qui a une page d\u00e9di\u00e9e sur YouTube, a accept\u00e9 de nous livrer ses secrets. L\u2019\u00e9dition du soir l\u2019avait interrog\u00e9 en 2023.<\/p>\n<p>\t\t Par Sarah CAILLAUD. \u00a0\u00a0<br \/>\n\t\tOuest-France\u00a0\u00a0<\/p>\n<p>\t\t&#13;<\/p>\n","protected":false},"excerpt":{"rendered":"Dimanche 28 septembre 2025 09:00 &#8230; 2 L\u2019automne rime avec la saison des champignons. \u00a9 Photo\u00a0: Illustration Ouest-France&hellip;\n","protected":false},"author":2,"featured_media":423420,"comment_status":"","ping_status":"","sticky":false,"template":"","format":"standard","meta":{"footnotes":""},"categories":[9619],"tags":[1111,11,17160,48551,55269,55270,1777,674,1011,27,9340,12,882,25,2310],"class_list":{"0":"post-423419","1":"post","2":"type-post","3":"status-publish","4":"format-standard","5":"has-post-thumbnail","7":"category-toulon","8":"tag-actu","9":"tag-actualites","10":"tag-champignons","11":"tag-coins","12":"tag-commandements","13":"tag-denicher","14":"tag-eu","15":"tag-europe","16":"tag-fr","17":"tag-france","18":"tag-meilleurs","19":"tag-news","20":"tag-provence-alpes-cote-dazur","21":"tag-republique-francaise","22":"tag-toulon"},"share_on_mastodon":{"url":"https:\/\/pubeurope.com\/@fr\/115281220117683820","error":""},"_links":{"self":[{"href":"https:\/\/www.europesays.com\/fr\/wp-json\/wp\/v2\/posts\/423419","targetHints":{"allow":["GET"]}}],"collection":[{"href":"https:\/\/www.europesays.com\/fr\/wp-json\/wp\/v2\/posts"}],"about":[{"href":"https:\/\/www.europesays.com\/fr\/wp-json\/wp\/v2\/types\/post"}],"author":[{"embeddable":true,"href":"https:\/\/www.europesays.com\/fr\/wp-json\/wp\/v2\/users\/2"}],"replies":[{"embeddable":true,"href":"https:\/\/www.europesays.com\/fr\/wp-json\/wp\/v2\/comments?post=423419"}],"version-history":[{"count":0,"href":"https:\/\/www.europesays.com\/fr\/wp-json\/wp\/v2\/posts\/423419\/revisions"}],"wp:featuredmedia":[{"embeddable":true,"href":"https:\/\/www.europesays.com\/fr\/wp-json\/wp\/v2\/media\/423420"}],"wp:attachment":[{"href":"https:\/\/www.europesays.com\/fr\/wp-json\/wp\/v2\/media?parent=423419"}],"wp:term":[{"taxonomy":"category","embeddable":true,"href":"https:\/\/www.europesays.com\/fr\/wp-json\/wp\/v2\/categories?post=423419"},{"taxonomy":"post_tag","embeddable":true,"href":"https:\/\/www.europesays.com\/fr\/wp-json\/wp\/v2\/tags?post=423419"}],"curies":[{"name":"wp","href":"https:\/\/api.w.org\/{rel}","templated":true}]}}