{"id":42342,"date":"2025-04-21T20:38:07","date_gmt":"2025-04-21T20:38:07","guid":{"rendered":"https:\/\/www.europesays.com\/fr\/42342\/"},"modified":"2025-04-21T20:38:07","modified_gmt":"2025-04-21T20:38:07","slug":"un-lotissement-pris-pour-cible-pres-de-lyon-des-images-terrifiantes-un-cap-est-franchi","status":"publish","type":"post","link":"https:\/\/www.europesays.com\/fr\/42342\/","title":{"rendered":"Un lotissement pris pour cible pr\u00e8s de Lyon, des images terrifiantes : un cap est franchi"},"content":{"rendered":"<p>            Par<br \/>\n        <strong><br \/>\n            <a href=\"https:\/\/actu.fr\/auteur\/redaction-lyon\" title=\"Consulter tous les articles de R\u00e9daction Lyon\" target=\"_blank\" rel=\"noopener\">R\u00e9daction Lyon<\/a><br \/>\n        <\/strong><\/p>\n<p>        Publi\u00e9 le<\/p>\n<p>            21 avr. 2025 \u00e0 21h01        <\/p>\n<p>Lundi 21 avril, dans un <strong>lotissement \u00e0 Villefontaine<\/strong> (Is\u00e8re) au sud de <a href=\"https:\/\/actu.fr\/auvergne-rhone-alpes\/lyon_69123\" target=\"_blank\" rel=\"noopener\">Lyon<\/a>, une maison a \u00e9t\u00e9 la cible de tirs et a pris feu. Sur la fa\u00e7ade du pavillon figurait un tag avec le nom d\u2019un agent p\u00e9nitentiaire suivi de <strong>l\u2019inscription DDPF, pour \u00ab\u00a0D\u00e9fense des prisonniers fran\u00e7ais\u00a0\u00bb<\/strong>.\u00a0<\/p>\n<p>Le parquet national antiterroriste enqu\u00eate<\/p>\n<p class=\" wall-content\">Le parquet national antiterroriste (Pnat) a annonc\u00e9 lundi 21 avril dans un communiqu\u00e9 se saisir de l\u2019enqu\u00eate sur des <strong>tirs par arme \u00e0 feu et des jets de cocktails Molotov<\/strong> ayant vis\u00e9 dans la nuit ce lotissement en Is\u00e8re o\u00f9 r\u00e9sident des agents p\u00e9nitentiaires.<\/p>\n<p class=\" wall-content\">Il n\u2019y a pas eu de bless\u00e9 durant cette attaque survenue vers 3h du matin.<\/p>\n<p>Une vid\u00e9o des faits mise en ligne<\/p>\n<p class=\" wall-content\">Selon une vid\u00e9o publi\u00e9e sur les r\u00e9seaux sociaux, revendiqu\u00e9e par le <a href=\"https:\/\/actu.fr\/faits-divers\/attaques-des-prisons-ce-groupe-telegram-menacant-qui-devient-la-priorite-des-enqueteurs_62521539.html\" target=\"_blank\" rel=\"noopener\">groupe \u00ab\u00a0DDPF\u00a0\u00bb,<\/a> on peut voit au moins deux hommes en noir devant une maison en feu. Un incendie est en cours au niveau d\u2019une porte et un individu est en train de tirer en rafale de nombreuses balles contre la fa\u00e7ade. Un logo de ce groupe est visible ainsi qu\u2019un message appelant \u00e0 la violence et \u00e0 la d\u00e9nonciation du personnel des prisons.\u00a0<\/p>\n<p class=\" wall-content\">\u00ab\u00a01 000 euros pour toute adresse de surveillant donn\u00e9e, 2 000 euros pour chaque adresse de chef ou grad\u00e9, 5 000 euros pour une adresse de directeur de prison. Et merci au personnel p\u00e9nitentiaire de vendre leurs coll\u00e8gues pour une poign\u00e9e de billet\u00a0\u00bb, peut-on lire sur la vid\u00e9o.\u00a0\u00a0<\/p>\n<p>Vid\u00e9os : en ce moment sur Actu<\/p>\n<p class=\" wall-content\">\n<p class=\" wall-content\">Dans la nuit de dimanche \u00e0 lundi, \u00ab\u00a0plusieurs tirs par arme \u00e0 feu et jets de cocktail Molotov ont vis\u00e9 des pavillons dans un lotissement en Is\u00e8re, o\u00f9 r\u00e9sident plusieurs agents p\u00e9nitentiaires\u00a0\u00bb et \u00ab\u00a0des graffitis DDPF (droits des prisonniers fran\u00e7ais, NDLR) ont \u00e9t\u00e9 d\u00e9couverts sur place\u00a0\u00bb, a indiqu\u00e9 le parquet national antiterroriste (Pnat), qui \u00ab\u00a0s\u2019est saisi de ces faits\u00a0\u00bb.<\/p>\n<p>    <a href=\"https:\/\/www.google.com\/maps\/embed?pb=!1m18!1m12!1m3!1d200596.11513520175!2d4.919454670663403!3d45.666993540077726!2m3!1f0!2f0!3f0!3m2!1i1024!2i768!4f13.1!3m3!1m2!1s0x47f4d2f2d80b0477%3A0xd222dbca11a313e1!2s38090%20Villefontaine!5e1!3m2!1sfr!2sfr!4v1745261287337!5m2!1sfr!2sfr\" title=\"Ouvrie le lien\" target=\"_blank\" rel=\"noopener\">Cliquez ici pour visualiser le contenu<\/a><\/p>\n<p>\u00ab\u00a0Par erreur, les agresseurs ont en r\u00e9alit\u00e9 cibl\u00e9 le domicile d\u2019un voisin\u00a0\u00bb<\/p>\n<p class=\" wall-content\">\u00ab\u00a0Par erreur, les agresseurs ont en r\u00e9alit\u00e9 cibl\u00e9 le domicile d\u2019un voisin, croyant viser notre coll\u00e8gue\u00a0\u00bb, affirme le syndicat FO Justice sur les r\u00e9seaux sociaux. Une deuxi\u00e8me habitation a \u00e9t\u00e9 cibl\u00e9e, sans inscription d\u00e9couverte.<\/p>\n<p class=\" wall-content\">\u00ab\u00a0Il n\u2019y a pas eu de bless\u00e9s mais ces faits constituent des intimidations contre la R\u00e9publique au moment o\u00f9 nous remettons de l\u2019autorit\u00e9 et de l\u2019ordre dans nos\u00a0prisons\u00a0\u00bb, a r\u00e9agi sur X G\u00e9rald Darmanin.\u00a0<\/p>\n<p class=\" wall-content\">\u00ab\u00a0Je sais pouvoir compter sur la fermet\u00e9 du minist\u00e8re de l\u2019int\u00e9rieur pour interpeller rapidement les auteurs et mettre fin \u00e0 ces d\u00e9sordres\u00a0\u00bb, a-t-il ajout\u00e9, pr\u00e9cisant qu\u2019il va contacter les agents cibl\u00e9s.<\/p>\n<p class=\" wall-content\"><strong>Avec AFP<\/strong><\/p>\n<p class=\" wall-content\">Suivez toute l\u2019actualit\u00e9 de vos villes et m\u00e9dias favoris en vous inscrivant \u00e0 <a href=\"https:\/\/moncompte.actu.fr\" title=\"D\u00e9couvez Mon Actu\" rel=\"nofollow noopener\" data-trk=\"{&quot;cta&quot;:{&quot;action&quot;:&quot;https:\\\/\\\/moncompte.actu.fr&quot;,&quot;category&quot;:&quot;mon compte&quot;,&quot;from&quot;:&quot;article footer&quot;,&quot;name&quot;:&quot;Mon actu&quot;,&quot;type&quot;:&quot;cta&quot;}}\" target=\"_blank\">Mon Actu<\/a>.<\/p>\n","protected":false},"excerpt":{"rendered":"Par R\u00e9daction Lyon Publi\u00e9 le 21 avr. 2025 \u00e0 21h01 Lundi 21 avril, dans un lotissement \u00e0 Villefontaine&hellip;\n","protected":false},"author":2,"featured_media":42343,"comment_status":"","ping_status":"","sticky":false,"template":"","format":"standard","meta":{"footnotes":""},"categories":[1889],"tags":[1111,11,2430,1777,674,118,1011,27,303,2428,12,899,25,1254],"class_list":{"0":"post-42342","1":"post","2":"type-post","3":"status-publish","4":"format-standard","5":"has-post-thumbnail","7":"category-lyon","8":"tag-actu","9":"tag-actualites","10":"tag-auvergne-rhone-alpes","11":"tag-eu","12":"tag-europe","13":"tag-faits-divers","14":"tag-fr","15":"tag-france","16":"tag-justice","17":"tag-lyon","18":"tag-news","19":"tag-prisons","20":"tag-republique-francaise","21":"tag-terrorisme"},"share_on_mastodon":{"url":"https:\/\/pubeurope.com\/@fr\/114377883888051305","error":""},"_links":{"self":[{"href":"https:\/\/www.europesays.com\/fr\/wp-json\/wp\/v2\/posts\/42342","targetHints":{"allow":["GET"]}}],"collection":[{"href":"https:\/\/www.europesays.com\/fr\/wp-json\/wp\/v2\/posts"}],"about":[{"href":"https:\/\/www.europesays.com\/fr\/wp-json\/wp\/v2\/types\/post"}],"author":[{"embeddable":true,"href":"https:\/\/www.europesays.com\/fr\/wp-json\/wp\/v2\/users\/2"}],"replies":[{"embeddable":true,"href":"https:\/\/www.europesays.com\/fr\/wp-json\/wp\/v2\/comments?post=42342"}],"version-history":[{"count":0,"href":"https:\/\/www.europesays.com\/fr\/wp-json\/wp\/v2\/posts\/42342\/revisions"}],"wp:featuredmedia":[{"embeddable":true,"href":"https:\/\/www.europesays.com\/fr\/wp-json\/wp\/v2\/media\/42343"}],"wp:attachment":[{"href":"https:\/\/www.europesays.com\/fr\/wp-json\/wp\/v2\/media?parent=42342"}],"wp:term":[{"taxonomy":"category","embeddable":true,"href":"https:\/\/www.europesays.com\/fr\/wp-json\/wp\/v2\/categories?post=42342"},{"taxonomy":"post_tag","embeddable":true,"href":"https:\/\/www.europesays.com\/fr\/wp-json\/wp\/v2\/tags?post=42342"}],"curies":[{"name":"wp","href":"https:\/\/api.w.org\/{rel}","templated":true}]}}