{"id":423421,"date":"2025-09-28T09:29:11","date_gmt":"2025-09-28T09:29:11","guid":{"rendered":"https:\/\/www.europesays.com\/fr\/423421\/"},"modified":"2025-09-28T09:29:11","modified_gmt":"2025-09-28T09:29:11","slug":"un-bus-tam-arrache-tout-le-cote-dune-voiture-la-video-devient-virale-sur-tiktok","status":"publish","type":"post","link":"https:\/\/www.europesays.com\/fr\/423421\/","title":{"rendered":"un bus TaM arrache tout le c\u00f4t\u00e9 d&rsquo;une voiture, la vid\u00e9o devient virale sur TikTok"},"content":{"rendered":"<p>            Par<br \/>\n        <strong><br \/>\n            <a href=\"https:\/\/actu.fr\/auteur\/lea-pippinato\" title=\"Consulter tous les articles de L\u00e9a Pippinato\" target=\"_blank\" rel=\"noopener\">L\u00e9a Pippinato<\/a><br \/>\n        <\/strong><\/p>\n<p>        Publi\u00e9 le<\/p>\n<p>            28 sept. 2025 \u00e0 10h30        <\/p>\n<p><strong>Le mardi 23 septembre<\/strong>, le compte <a href=\"https:\/\/www.tiktok.com\/@occi_transports\" target=\"_blank\" rel=\"noopener\">occi_transports<\/a> diffuse sur <strong>TikTok<\/strong> une s\u00e9quence insolite. \u00ab\u00a0\u00c0 la base je filmais juste le croisement difficile entre <strong>deux bus<\/strong>, au final en man\u0153uvrant, <strong>l\u2019un d\u2019eux embarque la voiture<\/strong>\u2026\u00a0\u00bb, \u00e9crit son propri\u00e9taire. La vid\u00e9o montre un bus TaM coinc\u00e9 lors d\u2019un croisement compliqu\u00e9 avec un autre car. En reculant, le v\u00e9hicule arrache une partie du c\u00f4t\u00e9 gauche d\u2019une voiture, laissant le r\u00e9troviseur dans un \u00e9tat pitoyable. En l\u00e9gende, l\u2019ironie : \u00ab\u00a0POV : Tu es tranquillement gar\u00e9 quand soudain un bus d\u00e9cide de te refaire tout le c\u00f4t\u00e9 de la voiture.\u00a0\u00bb<\/p>\n<blockquote class=\"tiktok-embed\" cite=\"https:\/\/www.tiktok.com\/@occi_transports\/video\/7553013339782171926\" data-video-id=\"7553013339782171926\" data-embed-from=\"oembed\" style=\"max-width:605px; min-width:325px;\"><p>\n<a target=\"_blank\" title=\"@occi_transports\" href=\"https:\/\/www.tiktok.com\/@occi_transports?refer=embed\" rel=\"noopener\">@occi_transports<\/a> <\/p>\n<p>\u00c0 la base je filmais juste le croisement difficile entre 2 bus, au final en man\u0153uvrant, l\u2019un d\u2019eux embarque la voiture\u2026.  <a title=\"accrochage\" target=\"_blank\" href=\"https:\/\/www.tiktok.com\/tag\/accrochage?refer=embed\" rel=\"noopener\">#accrochage<\/a> <a title=\"montpellier\" target=\"_blank\" href=\"https:\/\/www.tiktok.com\/tag\/montpellier?refer=embed\" rel=\"noopener\">#montpellier<\/a> <a title=\"tammontpellier\" target=\"_blank\" href=\"https:\/\/www.tiktok.com\/tag\/tammontpellier?refer=embed\" rel=\"noopener\">#tammontpellier<\/a> <a title=\"busmontpellier\" target=\"_blank\" href=\"https:\/\/www.tiktok.com\/tag\/busmontpellier?refer=embed\" rel=\"noopener\">#busmontpellier<\/a> <a title=\"bustam\" target=\"_blank\" href=\"https:\/\/www.tiktok.com\/tag\/bustam?refer=embed\" rel=\"noopener\">#bustam<\/a>  D\u00e9sol\u00e9 au propri\u00e9taire de la voiture, un mot a \u00e9t\u00e9 laiss\u00e9\u2026 \ud83d\ude22<\/p>\n<p> <a target=\"_blank\" title=\"\u266c son original - occi_transports\" href=\"https:\/\/www.tiktok.com\/music\/son-original-7553013328728328982?refer=embed\" rel=\"noopener\">\u266c son original \u2013 occi_transports<\/a> <\/p>\n<\/blockquote>\n<p class=\" wall-content\">La s\u00e9quence totalise<strong> 231 000 vues<\/strong> et suscite de nombreux commentaires. Certains racontent avoir connu des m\u00e9saventures similaires ailleurs en France. D\u2019autres pointent du doigt la conception des rues : \u00ab\u00a0Les routes sont mal con\u00e7ues, ils font des routes minuscules\u00a0\u00bb. \u00c0 l\u2019inverse, quelques internautes reprochent \u00e0 la voiture de s\u2019\u00eatre mal gar\u00e9e. Le ton alterne entre humour et exasp\u00e9ration.<\/p>\n<p>La r\u00e9ponse de la TaM<\/p>\n<p class=\" wall-content\">Contact\u00e9e par M\u00e9tropolitain, la TaM a tenu \u00e0 clarifier la situation. \u00ab\u00a0La vid\u00e9o diffus\u00e9e est un montage correspondant en r\u00e9alit\u00e9 \u00e0 deux situations distinctes, survenues les 22 et 23 septembre, impliquant l\u2019un de nos sous-traitants r\u00e9guliers, Transdev\u00a0\u00bb, pr\u00e9cise l\u2019entreprise de transports. Elle d\u00e9taille : \u00ab\u00a0Le 22 septembre, lors d\u2019un croisement, le conducteur a rencontr\u00e9 une difficult\u00e9 de passage. Il a \u00e9t\u00e9 guid\u00e9 par un agent TaM et la man\u0153uvre s\u2019est d\u00e9roul\u00e9e sans incident. Le 23 septembre, la pr\u00e9sence d\u2019un obstacle sur la voie emp\u00eachait la giration \u00e0 gauche. Le conducteur du bus suburbain a d\u00fb reculer pour l\u2019\u00e9viter et a accroch\u00e9 le v\u00e9hicule stationn\u00e9 \u00e0 sa droite.\u00a0\u00bb<\/p>\n<p class=\" wall-content\">La TaM assure que les r\u00e8gles ont \u00e9t\u00e9 appliqu\u00e9es \u00e0 la lettre. \u00ab\u00a0Conform\u00e9ment aux proc\u00e9dures pr\u00e9vues dans notre r\u00e8glement int\u00e9rieur, le conducteur a laiss\u00e9 une carte de visite avec les coordonn\u00e9es de l\u2019entreprise Transdev pour une prise de rendez-vous et la r\u00e9daction d\u2019un constat. Cette d\u00e9marche a bien \u00e9t\u00e9 effectu\u00e9e par le propri\u00e9taire du v\u00e9hicule.\u00a0\u00bb<\/p>\n<p class=\" wall-content\">Personnalisez votre actualit\u00e9 en ajoutant vos villes et m\u00e9dias en favori avec <a href=\"https:\/\/moncompte.actu.fr\" title=\"D\u00e9couvez Mon Actu\" rel=\"nofollow noopener\" data-trk=\"{&quot;cta&quot;:{&quot;action&quot;:&quot;https:\\\/\\\/moncompte.actu.fr&quot;,&quot;category&quot;:&quot;mon compte&quot;,&quot;from&quot;:&quot;article footer&quot;,&quot;name&quot;:&quot;Mon actu&quot;,&quot;type&quot;:&quot;cta&quot;}}\" target=\"_blank\">Mon Actu<\/a>.<\/p>\n<p>                    <script async src=\"\/\/www.tiktok.com\/embed.js\"><\/script><\/p>\n","protected":false},"excerpt":{"rendered":"Par L\u00e9a Pippinato Publi\u00e9 le 28 sept. 2025 \u00e0 10h30 Le mardi 23 septembre, le compte occi_transports diffuse&hellip;\n","protected":false},"author":2,"featured_media":423422,"comment_status":"","ping_status":"","sticky":false,"template":"","format":"standard","meta":{"footnotes":""},"categories":[9599],"tags":[1111,11,3542,1777,674,1011,27,1757,2208,12,2680,25,2439,2803],"class_list":{"0":"post-423421","1":"post","2":"type-post","3":"status-publish","4":"format-standard","5":"has-post-thumbnail","7":"category-montpellier","8":"tag-actu","9":"tag-actualites","10":"tag-circulation","11":"tag-eu","12":"tag-europe","13":"tag-fr","14":"tag-france","15":"tag-insolite","16":"tag-montpellier","17":"tag-news","18":"tag-occitanie","19":"tag-republique-francaise","20":"tag-tiktok","21":"tag-transport"},"share_on_mastodon":{"url":"https:\/\/pubeurope.com\/@fr\/115281223103826091","error":""},"_links":{"self":[{"href":"https:\/\/www.europesays.com\/fr\/wp-json\/wp\/v2\/posts\/423421","targetHints":{"allow":["GET"]}}],"collection":[{"href":"https:\/\/www.europesays.com\/fr\/wp-json\/wp\/v2\/posts"}],"about":[{"href":"https:\/\/www.europesays.com\/fr\/wp-json\/wp\/v2\/types\/post"}],"author":[{"embeddable":true,"href":"https:\/\/www.europesays.com\/fr\/wp-json\/wp\/v2\/users\/2"}],"replies":[{"embeddable":true,"href":"https:\/\/www.europesays.com\/fr\/wp-json\/wp\/v2\/comments?post=423421"}],"version-history":[{"count":0,"href":"https:\/\/www.europesays.com\/fr\/wp-json\/wp\/v2\/posts\/423421\/revisions"}],"wp:featuredmedia":[{"embeddable":true,"href":"https:\/\/www.europesays.com\/fr\/wp-json\/wp\/v2\/media\/423422"}],"wp:attachment":[{"href":"https:\/\/www.europesays.com\/fr\/wp-json\/wp\/v2\/media?parent=423421"}],"wp:term":[{"taxonomy":"category","embeddable":true,"href":"https:\/\/www.europesays.com\/fr\/wp-json\/wp\/v2\/categories?post=423421"},{"taxonomy":"post_tag","embeddable":true,"href":"https:\/\/www.europesays.com\/fr\/wp-json\/wp\/v2\/tags?post=423421"}],"curies":[{"name":"wp","href":"https:\/\/api.w.org\/{rel}","templated":true}]}}