{"id":423431,"date":"2025-09-28T09:34:12","date_gmt":"2025-09-28T09:34:12","guid":{"rendered":"https:\/\/www.europesays.com\/fr\/423431\/"},"modified":"2025-09-28T09:34:12","modified_gmt":"2025-09-28T09:34:12","slug":"le-pire-cambrioleur-de-france-ecope-de-18-mois-de-prison-ferme","status":"publish","type":"post","link":"https:\/\/www.europesays.com\/fr\/423431\/","title":{"rendered":"le pire cambrioleur de France \u00e9cope de 18 mois de prison ferme"},"content":{"rendered":"<p>\t\t\t\t\t\t\t\t\t\t\t<img loading=\"lazy\" decoding=\"async\" width=\"1280\" title=\"Grenoble : le pire cambrioleur de France \u00e9cope de 18 mois de prison ferme\" class=\"img-fluid  mb-3\" src=\"https:\/\/grandgrenoble.alpes1.com\/media\/news\/grenoble-le-pire-cambrioleur-de-france-ecope-de-18-mois-de-prison-ferme_68d8d46506057.webp\" alt=\"Grenoble : le pire cambrioleur de France \u00e9cope de 18 mois de prison ferme\" itemprop=\"image\" height=\"720\"\/>\t\t\t\t\t\t\t\t\t\t\t\t<\/p>\n<p>Grenoble : le pire cambrioleur de France \u00e9cope de 18 mois de prison ferme &#8211; DR<\/p>\n<p itemprop=\"description\"><strong>L&rsquo;enqu\u00eate a \u00e9t\u00e9 plut\u00f4t facile \u00e0 boucler.<\/strong><\/p>\n<p>Et \u00e0 l&rsquo;audience au tribunal correctionnel de Grenoble, il n&rsquo;y a pas eu de d\u00e9bat. Un Alg\u00e9rien de 39 ans, en situation irr\u00e9guli\u00e8re en France et faisant l&rsquo;objet d&rsquo;une OQTF, a \u00e9t\u00e9 jug\u00e9 et condamn\u00e9 pour les 12 cambriolages r\u00e9alis\u00e9s dans l&rsquo;agglom\u00e9ration au printemps dernier.<\/p>\n<p>Selon le Dauphin\u00e9 Lib\u00e9r\u00e9, l&rsquo;individu vivant \u00e0 Saint-Martin-d&rsquo;H\u00e8res a syst\u00e9matiquement laiss\u00e9 des preuves sur place : son ADN, des empreintes digitales ou m\u00eame son visage film\u00e9 par la vid\u00e9osurveillance\u2026<\/p>\n<p>Il le reconna\u00eet lui-m\u00eame, il n&rsquo;est pas tr\u00e8s bon dans ce qu&rsquo;il fait. Pour le dissuader de pers\u00e9v\u00e9rer dans cette voie, le tribunal l&rsquo;a condamn\u00e9 \u00e0 18 mois de prison ferme. En plus de sa pr\u00e9c\u00e9dente OQTF, les juges ont rajout\u00e9 une interdiction de para\u00eetre \u00e0 La Tronche et \u00e0 Meylan pendant les trois prochaines ann\u00e9es.<\/p>\n","protected":false},"excerpt":{"rendered":"Grenoble : le pire cambrioleur de France \u00e9cope de 18 mois de prison ferme &#8211; DR L&rsquo;enqu\u00eate a&hellip;\n","protected":false},"author":2,"featured_media":423432,"comment_status":"","ping_status":"","sticky":false,"template":"","format":"standard","meta":{"footnotes":""},"categories":[9566],"tags":[1111,11,7733,8279,2430,7736,650,7734,2889,2263,1777,674,1011,27,2731,8280,6417,1114,108,4662,12,3725,1825,25,7737],"class_list":{"0":"post-423431","1":"post","2":"type-post","3":"status-publish","4":"format-standard","5":"has-post-thumbnail","7":"category-grenoble","8":"tag-actu","9":"tag-actualites","10":"tag-alpes","11":"tag-alpes1","12":"tag-auvergne-rhone-alpes","13":"tag-cds","14":"tag-cinema","15":"tag-ecoute","16":"tag-emission","17":"tag-equipe","18":"tag-eu","19":"tag-europe","20":"tag-fr","21":"tag-france","22":"tag-grenoble","23":"tag-haute","24":"tag-information","25":"tag-infos","26":"tag-isere","27":"tag-journal","28":"tag-news","29":"tag-podcast","30":"tag-radio","31":"tag-republique-francaise","32":"tag-winamp"},"share_on_mastodon":{"url":"https:\/\/pubeurope.com\/@fr\/115281244130752718","error":""},"_links":{"self":[{"href":"https:\/\/www.europesays.com\/fr\/wp-json\/wp\/v2\/posts\/423431","targetHints":{"allow":["GET"]}}],"collection":[{"href":"https:\/\/www.europesays.com\/fr\/wp-json\/wp\/v2\/posts"}],"about":[{"href":"https:\/\/www.europesays.com\/fr\/wp-json\/wp\/v2\/types\/post"}],"author":[{"embeddable":true,"href":"https:\/\/www.europesays.com\/fr\/wp-json\/wp\/v2\/users\/2"}],"replies":[{"embeddable":true,"href":"https:\/\/www.europesays.com\/fr\/wp-json\/wp\/v2\/comments?post=423431"}],"version-history":[{"count":0,"href":"https:\/\/www.europesays.com\/fr\/wp-json\/wp\/v2\/posts\/423431\/revisions"}],"wp:featuredmedia":[{"embeddable":true,"href":"https:\/\/www.europesays.com\/fr\/wp-json\/wp\/v2\/media\/423432"}],"wp:attachment":[{"href":"https:\/\/www.europesays.com\/fr\/wp-json\/wp\/v2\/media?parent=423431"}],"wp:term":[{"taxonomy":"category","embeddable":true,"href":"https:\/\/www.europesays.com\/fr\/wp-json\/wp\/v2\/categories?post=423431"},{"taxonomy":"post_tag","embeddable":true,"href":"https:\/\/www.europesays.com\/fr\/wp-json\/wp\/v2\/tags?post=423431"}],"curies":[{"name":"wp","href":"https:\/\/api.w.org\/{rel}","templated":true}]}}