{"id":423435,"date":"2025-09-28T09:36:47","date_gmt":"2025-09-28T09:36:47","guid":{"rendered":"https:\/\/www.europesays.com\/fr\/423435\/"},"modified":"2025-09-28T09:36:47","modified_gmt":"2025-09-28T09:36:47","slug":"rennes-lens-lheure-est-aux-retrouvailles-entre-les-entraineurs-habib-beye-et-pierre-sage","status":"publish","type":"post","link":"https:\/\/www.europesays.com\/fr\/423435\/","title":{"rendered":"Rennes &#8211; Lens\u00a0: l\u2019heure est aux retrouvailles entre les entra\u00eeneurs Habib Beye et Pierre Sage"},"content":{"rendered":"<p>Ligue 1 (6e journ\u00e9e). Rennes &#8211; Lens, dimanche (20 h 45)<\/p>\n<p>Ils ont partag\u00e9 55 matchs sur le banc du Red Star. L\u2019un, Habib Beye, en tant qu\u2019entra\u00eeneur, l\u2019autre, Pierre Sage, en tant qu\u2019assistant. Dimanche, les deux hommes vont se retrouver, respectivement sur les bancs de Rennes et de Lens. L\u2019occasion de saluer leur ancien bin\u00f4me. \u00ab Humainement, Pierre est exceptionnel, tr\u00e8s authentique. Sportivement, il s\u2019est construit tout seul, je suis admiratif de son parcours et ce sera un tr\u00e8s grand plaisir de le retrouver \u00bb, a avou\u00e9 Habib Beye, <a href=\"https:\/\/www.staderennais.com\/actualites\/conference-de-presse\/le-match-face-a-lens-va-etre-une-belle-opposition-de-football-les\" target=\"_blank\" rel=\"nofollow noopener\">en conf\u00e9rence de presse d\u2019avant-match<\/a>. \u00ab Il m\u2019a apport\u00e9 une posture par rapport aux joueurs et aux m\u00e9dias, dans l\u2019id\u00e9e de d\u00e9fendre ses id\u00e9es en permanence. Il a fait de moi un autre entra\u00eeneur \u00bb, a confi\u00e9, de son c\u00f4t\u00e9, Pierre Sage, \u00e0 <a href=\"https:\/\/www.lequipe.fr\/Football\/Article\/Les-deux-coaches-habib-beye-rennes-et-pierre-sage-lens-partenaires-dans-le-staff-du-red-star-en-2022-et-2023-s-opposent-pour-la-premiere-fois-chez-les-pros\/1597153\" target=\"_blank\" rel=\"nofollow noopener\">L\u2019Equipe<\/a>.<\/p>\n<p>Avec une vision du football similaire, les deux techniciens \u00e9taient faits pour s\u2019entendre. \u00ab Peut-\u00eatre sur l\u2019intensit\u00e9, la volont\u00e9 d\u2019avoir le ballon aussi \u00bb, confirme Habib Beye. Ils se sont compl\u00e9t\u00e9s, ont appris l\u2019un de l\u2019autre pendant cette collaboration d\u2019un an et demi. Arriv\u00e9 en janvier 2022 au Red Star, l\u2019actuel entra\u00eeneur de Lens avait \u00e9t\u00e9 convaincu, apr\u00e8s une longue conversation t\u00e9l\u00e9phonique, par celui qui avait pris les r\u00eanes du Red Star, quelques semaines plus t\u00f4t. Pierre Sage \u00e9tait alors au centre de formation de l\u2019Olympique Lyonnais. Club qu\u2019il a retrouv\u00e9, en 2023, en tant que directeur du centre de formation.<\/p>\n<blockquote class=\"twitter-tweet\">\n<p lang=\"fr\" dir=\"ltr\">\u00ab \ud835\udc43\ud835\udc56\ud835\udc52\ud835\udc5f\ud835\udc5f\ud835\udc52 \ud835\udc5a&rsquo;\ud835\udc4e \ud835\udc4f\ud835\udc52\ud835\udc4e\ud835\udc62\ud835\udc50\ud835\udc5c\ud835\udc62\ud835\udc5d \ud835\udc4e\ud835\udc5d\ud835\udc5d\ud835\udc5c\ud835\udc5f\ud835\udc61\ud835\udc52\u0301 \u00bb \\ud83d\\udde8<\/p>\n<p>Dimanche, le duel opposant Lensois et Rennais sera l&rsquo;occasion de retrouvailles pour Pierre Sage et Habib Beye, dans le m\u00eame staff entre 2021 et 2023.<\/p>\n<p>\\ud83c\\udf99\\ufe0f <a href=\"https:\/\/twitter.com\/hashtag\/SRFCRCL?src=hash&amp;ref_src=twsrc%5Etfw\" rel=\"nofollow noopener\" target=\"_blank\">#SRFCRCL<\/a><a href=\"https:\/\/t.co\/up1n6b8j8t\" rel=\"nofollow\">pic.twitter.com\/up1n6b8j8t<\/a><\/p>\n<p>\u2014 Stade Rennais F.C. (@staderennais) <a href=\"https:\/\/twitter.com\/staderennais\/status\/1971851050086027436?ref_src=twsrc%5Etfw\" rel=\"nofollow noopener\" target=\"_blank\">September 27, 2025<\/a><\/p><\/blockquote>\n<p>Entretemps, les deux hommes ont \u00e9chou\u00e9 d\u2019un rien \u00e0 faire monter le Red Star en Ligue 2, \u00e0 deux points de la premi\u00e8re place\u2026 Leurs chemins s\u2019\u00e9taient alors s\u00e9par\u00e9s : Beye a r\u00e9ussi \u00e0 faire monter le club francilien en Ligue 2, en juin 2024, et Sage a pris la direction du centre de formation lyonnais, avant d\u2019\u00eatre nomm\u00e9 entra\u00eeneur de l\u2019\u00e9quipe premi\u00e8re, en novembre 2023.<\/p>\n<p>Pas de cadeau sur le terrain<\/p>\n<p>Dimanche, au Roazhon Park, Habib Beye et Pierre Sage vont s\u2019affronter pour la premi\u00e8re fois chez les professionnels. \u00ab Il m\u2019a expliqu\u00e9 que, lorsqu\u2019il avait affront\u00e9 son meilleur ami dans son pass\u00e9 de joueur, il avait \u00e9t\u00e9 capable de ne m\u00eame pas le saluer avant le match \u00bb, expliquait Pierre Sage, toujours \u00e0 L\u2019Equipe. S\u2019ils auront plaisir \u00e0 se retrouver, ils ne se feront donc pas de cadeau sur le terrain. D\u2019autant plus que le vainqueur fera un bon coup pour se replacer dans la bataille des places europ\u00e9ennes.<\/p>\n<p><script async src=\"https:\/\/platform.twitter.com\/widgets.js\" charset=\"utf-8\"><\/script><\/p>\n","protected":false},"excerpt":{"rendered":"Ligue 1 (6e journ\u00e9e). Rennes &#8211; Lens, dimanche (20 h 45) Ils ont partag\u00e9 55 matchs sur le&hellip;\n","protected":false},"author":2,"featured_media":423436,"comment_status":"","ping_status":"","sticky":false,"template":"","format":"standard","meta":{"footnotes":""},"categories":[2821],"tags":[1111,11,829,1777,674,63,1011,27,66,12,584,25,60,3087],"class_list":{"0":"post-423435","1":"post","2":"type-post","3":"status-publish","4":"format-standard","5":"has-post-thumbnail","7":"category-rennes","8":"tag-actu","9":"tag-actualites","10":"tag-bretagne","11":"tag-eu","12":"tag-europe","13":"tag-football","14":"tag-fr","15":"tag-france","16":"tag-ligue-1","17":"tag-news","18":"tag-rennes","19":"tag-republique-francaise","20":"tag-sports","21":"tag-stade-rennais"},"share_on_mastodon":{"url":"https:\/\/pubeurope.com\/@fr\/115281254312620569","error":""},"_links":{"self":[{"href":"https:\/\/www.europesays.com\/fr\/wp-json\/wp\/v2\/posts\/423435","targetHints":{"allow":["GET"]}}],"collection":[{"href":"https:\/\/www.europesays.com\/fr\/wp-json\/wp\/v2\/posts"}],"about":[{"href":"https:\/\/www.europesays.com\/fr\/wp-json\/wp\/v2\/types\/post"}],"author":[{"embeddable":true,"href":"https:\/\/www.europesays.com\/fr\/wp-json\/wp\/v2\/users\/2"}],"replies":[{"embeddable":true,"href":"https:\/\/www.europesays.com\/fr\/wp-json\/wp\/v2\/comments?post=423435"}],"version-history":[{"count":0,"href":"https:\/\/www.europesays.com\/fr\/wp-json\/wp\/v2\/posts\/423435\/revisions"}],"wp:featuredmedia":[{"embeddable":true,"href":"https:\/\/www.europesays.com\/fr\/wp-json\/wp\/v2\/media\/423436"}],"wp:attachment":[{"href":"https:\/\/www.europesays.com\/fr\/wp-json\/wp\/v2\/media?parent=423435"}],"wp:term":[{"taxonomy":"category","embeddable":true,"href":"https:\/\/www.europesays.com\/fr\/wp-json\/wp\/v2\/categories?post=423435"},{"taxonomy":"post_tag","embeddable":true,"href":"https:\/\/www.europesays.com\/fr\/wp-json\/wp\/v2\/tags?post=423435"}],"curies":[{"name":"wp","href":"https:\/\/api.w.org\/{rel}","templated":true}]}}