{"id":423437,"date":"2025-09-28T09:38:38","date_gmt":"2025-09-28T09:38:38","guid":{"rendered":"https:\/\/www.europesays.com\/fr\/423437\/"},"modified":"2025-09-28T09:38:38","modified_gmt":"2025-09-28T09:38:38","slug":"scargo-lance-un-financement-participatif-pour-trois-nouveaux-velos-cargos-electriques","status":"publish","type":"post","link":"https:\/\/www.europesays.com\/fr\/423437\/","title":{"rendered":"S&rsquo;Cargo lance un financement participatif pour trois nouveaux v\u00e9los-cargos \u00e9lectriques"},"content":{"rendered":"<p class=\"wp-block-post-excerpt__excerpt\">L\u2019association S\u2019Cargo a lanc\u00e9 un financement participatif pour acqu\u00e9rir trois nouveaux v\u00e9los-cargos \u00e9lectriques. L\u2019objectif du collectif : rendre ces v\u00e9los multi-usages accessibles \u00e0 tous. <\/p>\n<p class=\"font-sans\">\n\t\t\tCet article est en acc\u00e8s libre. Pour soutenir Rue89 Strasbourg,<br \/>\n\t\t\t<a class=\"underline\" href=\"https:\/\/www.rue89strasbourg.com\/abonnement\" target=\"_blank\" rel=\"noopener\">abonnez-vous<\/a>.\n\t\t<\/p>\n<p>Nicolas Thomas<\/p>\n<p>Publi\u00e9 le 26 septembre 2025\u00a0\u00a0\u00b7\u00a0\u00a0<\/p>\n<p>Imprim\u00e9 le 28 septembre 2025 \u00e0 10h49\u00a0\u00a0\u00b7\u00a0\u00a0<\/p>\n<p>Modifi\u00e9 le 26 septembre 2025\u00a0\u00a0\u00b7\u00a0\u00a0<\/p>\n<p>\t\t\t\t\t2\u00a0minutes\n<\/p>\n<p>\u00ab\u00a0Prom\u00e8ne n\u2019importe qui, transporte n\u2019importe quoi.\u00a0\u00bb Depuis le printemps 2024, <a href=\"https:\/\/s-cargo.fr\" target=\"_blank\" rel=\"noopener\">l\u2019association S\u2019Cargo<\/a> propose \u00e0 ses adh\u00e9rents d\u2019emprunter des v\u00e9los cargo dans l\u2019Eurom\u00e9tropole pour transporter ses enfants, faire ses courses, ou d\u00e9m\u00e9nager. Jusqu\u2019au 12 octobre, elle lance <a href=\"https:\/\/www.alsace.okote.fr\/decouvrez-les-projets\/detail\/scargo\" target=\"_blank\" rel=\"noopener\">un financement participatif<\/a> pour agrandir sa flotte de trois nouveaux v\u00e9los \u00e9lectriques. <\/p>\n<p>L\u2019objectif est d\u2019atteindre 15 000\u20ac pour acheter trois biporteurs ou triporteurs d\u2019occasion, les r\u00e9parer, les faire d\u00e9corer par des artistes locaux, puis y int\u00e9grer un syst\u00e8me \u00e9lectrique. Fanny Laemmel, responsable de projet \u00e0 S\u2019Cargo, fait le point sur la campagne de financement :<\/p>\n<blockquote class=\"wp-block-quote is-layout-flow wp-block-quote-is-layout-flow\">\n<p>\u00ab\u00a0Nous avons choisi de lancer cette campagne sur la plateforme alsacienne Okot\u00e9. L\u2019avantage, c\u2019est qu\u2019\u00e0 chaque euro r\u00e9colt\u00e9, l\u2019Eurom\u00e9tropole verse un euro et les entreprises partenaires aussi. Donc avec 5 000\u20ac de dons citoyens, on atteint l\u2019objectif de 15 000\u20ac. Pour l\u2019instant, on a r\u00e9colt\u00e9 pr\u00e8s de 9 000\u20ac depuis le d\u00e9but du mois de septembre, on est tr\u00e8s content.\u00a0\u00bb <\/p>\n<\/blockquote>\n<p><a href=\"https:\/\/www.rue89strasbourg.com\/la-newsletter\" target=\"_blank\" rel=\"noopener\"><img loading=\"lazy\" decoding=\"async\" width=\"1940\" height=\"500\" src=\"https:\/\/www.europesays.com\/fr\/wp-content\/uploads\/2025\/09\/banner-desktop-970x250-1.png\" alt=\"\" class=\"wp-image-360885\" style=\"object-fit:cover;width:970px;height:250px\"  \/><\/a><\/p>\n<p>\u00ab\u00a0Le bon pote qui t\u2019aide \u00e0 d\u00e9m\u00e9nager\u00a0\u00bb<\/p>\n<p>Fidel Cargo, Brigitte Cargo ou encore Cargoline de Monaco\u2026 Au total, 17 v\u00e9los-cargos sont d\u00e9j\u00e0 disponibles dans <a href=\"https:\/\/s-cargo.fr\/reservation\/\" target=\"_blank\" rel=\"noopener\">plusieurs quartiers et communes de l\u2019Eurom\u00e9tropole<\/a>. Fanny Laemmel rappelle les multiples usages possibles :<\/p>\n<blockquote class=\"wp-block-quote is-layout-flow wp-block-quote-is-layout-flow\">\n<p>\u00ab\u00a0Chaque v\u00e9lo est personnalis\u00e9 et a son petit nom. C\u2019est le bon pote qui t\u2019aide \u00e0 d\u00e9m\u00e9nager, \u00e0 te d\u00e9placer avec tes enfants, ou \u00e0 transporter ton chien. On re\u00e7oit des photos d\u2019adh\u00e9rents qui l\u2019utilisent pour aller au march\u00e9, \u00e0 la d\u00e9chetterie ou faire leurs courses en Allemagne.\u00ab\u00a0<\/p>\n<\/blockquote>\n<p>Pour les emprunter, une adh\u00e9sion \u00e0 l\u2019ann\u00e9e au tarif de 45\u20ac, ou 15\u20ac en tarif solidaire, est demand\u00e9e. Il est ensuite possible de r\u00e9server gratuitement son v\u00e9lo cargo en ligne pour une dur\u00e9e de trois jours, sans d\u00e9poser de caution. <\/p>\n<p>\t\tUne parade \u00e0 v\u00e9lo cargo, le 28 septembre<\/p>\n<p>Parall\u00e8lement, l\u2019association S\u2019Cargo organise une parade \u00e0 v\u00e9lo-cargo, le dimanche 28 septembre, dans le cadre de <a href=\"https:\/\/www.strasbourg.eu\/-\/sans-voiture-simone-2025\" target=\"_blank\" rel=\"noopener\">la journ\u00e9e \u00ab\u00a0Sans voiture Simone\u00a0\u00bb<\/a>. Le rendez-vous est donn\u00e9 \u00e0 11h au parc de Heyritz, devant le Rowing Club, \u00e0 Strasbourg. L\u2019arriv\u00e9e est pr\u00e9vue vers midi \u00e0 l\u2019\u00e9v\u00e9nement \u00ab\u00a0Sans voiture Simone\u00a0\u00bb, place d\u2019Ostwald, \u00e0 Strasbourg \u2013 Montagne Verte.<\/p>\n<p>Aller <strong>plus loin<\/strong><\/p>\n<p>Y <strong>aller<\/strong><\/p>\n<p><strong>Parade \u00e0 v\u00e9lo-cargo<\/strong>, dimanche 28 septembre \u00e0 11h, d\u00e9part du parc Heyritz devant le Rowing Club.<\/p>\n","protected":false},"excerpt":{"rendered":"L\u2019association S\u2019Cargo a lanc\u00e9 un financement participatif pour acqu\u00e9rir trois nouveaux v\u00e9los-cargos \u00e9lectriques. L\u2019objectif du collectif : rendre&hellip;\n","protected":false},"author":2,"featured_media":423438,"comment_status":"","ping_status":"","sticky":false,"template":"","format":"standard","meta":{"footnotes":""},"categories":[2820],"tags":[1111,11,1777,674,13246,1011,27,775,12,25,640,208],"class_list":{"0":"post-423437","1":"post","2":"type-post","3":"status-publish","4":"format-standard","5":"has-post-thumbnail","7":"category-strasbourg","8":"tag-actu","9":"tag-actualites","10":"tag-eu","11":"tag-europe","12":"tag-financement-participatif","13":"tag-fr","14":"tag-france","15":"tag-grand-est","16":"tag-news","17":"tag-republique-francaise","18":"tag-strasbourg","19":"tag-velo"},"share_on_mastodon":{"url":"https:\/\/pubeurope.com\/@fr\/115281258808126388","error":""},"_links":{"self":[{"href":"https:\/\/www.europesays.com\/fr\/wp-json\/wp\/v2\/posts\/423437","targetHints":{"allow":["GET"]}}],"collection":[{"href":"https:\/\/www.europesays.com\/fr\/wp-json\/wp\/v2\/posts"}],"about":[{"href":"https:\/\/www.europesays.com\/fr\/wp-json\/wp\/v2\/types\/post"}],"author":[{"embeddable":true,"href":"https:\/\/www.europesays.com\/fr\/wp-json\/wp\/v2\/users\/2"}],"replies":[{"embeddable":true,"href":"https:\/\/www.europesays.com\/fr\/wp-json\/wp\/v2\/comments?post=423437"}],"version-history":[{"count":0,"href":"https:\/\/www.europesays.com\/fr\/wp-json\/wp\/v2\/posts\/423437\/revisions"}],"wp:featuredmedia":[{"embeddable":true,"href":"https:\/\/www.europesays.com\/fr\/wp-json\/wp\/v2\/media\/423438"}],"wp:attachment":[{"href":"https:\/\/www.europesays.com\/fr\/wp-json\/wp\/v2\/media?parent=423437"}],"wp:term":[{"taxonomy":"category","embeddable":true,"href":"https:\/\/www.europesays.com\/fr\/wp-json\/wp\/v2\/categories?post=423437"},{"taxonomy":"post_tag","embeddable":true,"href":"https:\/\/www.europesays.com\/fr\/wp-json\/wp\/v2\/tags?post=423437"}],"curies":[{"name":"wp","href":"https:\/\/api.w.org\/{rel}","templated":true}]}}