{"id":423439,"date":"2025-09-28T09:39:24","date_gmt":"2025-09-28T09:39:24","guid":{"rendered":"https:\/\/www.europesays.com\/fr\/423439\/"},"modified":"2025-09-28T09:39:24","modified_gmt":"2025-09-28T09:39:24","slug":"une-eclatante-premiere-victoire-pour-les-filles-du-racing-a-dijon","status":"publish","type":"post","link":"https:\/\/www.europesays.com\/fr\/423439\/","title":{"rendered":"une \u00e9clatante premi\u00e8re victoire pour les filles du Racing \u00e0 Dijon"},"content":{"rendered":"<p>Si la victoire ne souffre aucune discussion au bout du compte, elle ne rel\u00e8ve pas non plus du long fleuve tranquille. Les Dijonnaises ont la possession en d\u00e9but de match. La premi\u00e8re occasion est pour les locales mais le timming de Wu, approximatif, l\u2019emp\u00eache de placer un bon coup de t\u00eate (8e ).<\/p>\n<p>L\u2019attaque du Racing se met alors en marche. Dans un premier temps, \u00e0 la suite d\u2019une touche, In\u00e8s Konan tente sa chance mais ne cadre pas (10e ). Le second essai sera le bon lorsque Enge sert la buteuse ivoirienne qui acc\u00e9l\u00e8re et croise parfaitement sa frappe pied gauche dans le petit filet oppos\u00e9 (0-1, 13e ), malgr\u00e9 l\u2019angle ferm\u00e9.<\/p>\n<p>In\u00e8s Konan dans tous les bons coups<\/p>\n<p>Sur de bons rails, les Bleues insistent. Un long ballon est d\u00e9vi\u00e9 de la t\u00eate par Mama Diop pour lancer Agnew. Verdier,&#8230;<\/p>\n","protected":false},"excerpt":{"rendered":"Si la victoire ne souffre aucune discussion au bout du compte, elle ne rel\u00e8ve pas non plus du&hellip;\n","protected":false},"author":2,"featured_media":423440,"comment_status":"","ping_status":"","sticky":false,"template":"","format":"standard","meta":{"footnotes":""},"categories":[2820],"tags":[1111,11,2649,2880,1777,674,107,63,1011,27,775,12,43577,25,517,640,2879],"class_list":{"0":"post-423439","1":"post","2":"type-post","3":"status-publish","4":"format-standard","5":"has-post-thumbnail","7":"category-strasbourg","8":"tag-actu","9":"tag-actualites","10":"tag-bas-rhin","11":"tag-edition-strasbourg","12":"tag-eu","13":"tag-europe","14":"tag-fil-info","15":"tag-football","16":"tag-fr","17":"tag-france","18":"tag-grand-est","19":"tag-news","20":"tag-racing-club-strasbourg-feminin","21":"tag-republique-francaise","22":"tag-sport","23":"tag-strasbourg","24":"tag-strasbourg-ville"},"share_on_mastodon":{"url":"https:\/\/pubeurope.com\/@fr\/115281262275802114","error":""},"_links":{"self":[{"href":"https:\/\/www.europesays.com\/fr\/wp-json\/wp\/v2\/posts\/423439","targetHints":{"allow":["GET"]}}],"collection":[{"href":"https:\/\/www.europesays.com\/fr\/wp-json\/wp\/v2\/posts"}],"about":[{"href":"https:\/\/www.europesays.com\/fr\/wp-json\/wp\/v2\/types\/post"}],"author":[{"embeddable":true,"href":"https:\/\/www.europesays.com\/fr\/wp-json\/wp\/v2\/users\/2"}],"replies":[{"embeddable":true,"href":"https:\/\/www.europesays.com\/fr\/wp-json\/wp\/v2\/comments?post=423439"}],"version-history":[{"count":0,"href":"https:\/\/www.europesays.com\/fr\/wp-json\/wp\/v2\/posts\/423439\/revisions"}],"wp:featuredmedia":[{"embeddable":true,"href":"https:\/\/www.europesays.com\/fr\/wp-json\/wp\/v2\/media\/423440"}],"wp:attachment":[{"href":"https:\/\/www.europesays.com\/fr\/wp-json\/wp\/v2\/media?parent=423439"}],"wp:term":[{"taxonomy":"category","embeddable":true,"href":"https:\/\/www.europesays.com\/fr\/wp-json\/wp\/v2\/categories?post=423439"},{"taxonomy":"post_tag","embeddable":true,"href":"https:\/\/www.europesays.com\/fr\/wp-json\/wp\/v2\/tags?post=423439"}],"curies":[{"name":"wp","href":"https:\/\/api.w.org\/{rel}","templated":true}]}}