{"id":423443,"date":"2025-09-28T09:41:14","date_gmt":"2025-09-28T09:41:14","guid":{"rendered":"https:\/\/www.europesays.com\/fr\/423443\/"},"modified":"2025-09-28T09:41:14","modified_gmt":"2025-09-28T09:41:14","slug":"lardechois-paul-cornut-chauvinc-simpose-et-explose-le-record-de-lepreuve","status":"publish","type":"post","link":"https:\/\/www.europesays.com\/fr\/423443\/","title":{"rendered":"l&rsquo;Ard\u00e9chois Paul Cornut Chauvinc s&rsquo;impose et explose le record de l&rsquo;\u00e9preuve"},"content":{"rendered":"<p>C\u2019est ce qui s\u2019appelle tenir son rang. Annonc\u00e9 comme favori de l\u2019\u00e9preuve, Paul Cornut Chauvinc a fait respecter la hi\u00e9rarchie. L\u2019Ard\u00e9chois, install\u00e9 \u00e0 Foix (Ari\u00e8ge), a remport\u00e9\u00a0samedi le format 159 km (8\u00a0200 m de d\u00e9nivel\u00e9 positif) de l\u2019UTMB Nice\u00a0en 18h52&rsquo;37 avec deux heures d\u2019avance sur les pr\u00e9visions et 2 heures 30 d\u2019avance sur le pr\u00e9c\u00e9dent record (21h22&rsquo;14 Cristofer Clemente Mora en 2024).\u00a0Il a devanc\u00e9 deux Fran\u00e7ais, Th\u00e9o Le Boudec et Nicolas Thomas, d\u2019une heure.<\/p>\n<p>Un succ\u00e8s qu\u2019il a construit petit \u00e0 petit. \u00ab\u00a0On a fait cinquante kilom\u00e8tres \u00e0 trois, alors oui j\u2019\u00e9tais en t\u00eate, mais \u00e7a n\u2019allait pas du tout. Je doutais de ma capacit\u00e9 \u00e0 finir l\u2019\u00e9preuve. Puis au bout de cinq heures, tout s\u2019est align\u00e9 et mes douleurs aux jambes ont disparu\u00a0\u00bb, avouait-il \u00e0 l\u2019arriv\u00e9e. \u00ab\u00a0C\u2019\u00e9tait extr\u00eamement dur, mais finir comme \u00e7a c\u2019est incroyable\u00a0\u00bb.<\/p>\n<p>  Champion du monde de kayak chez les jeunes<\/p>\n<p>Avant de triompher \u00e0 Nice, et sur <a href=\"https:\/\/www.google.com\/url?sa=t&amp;rct=j&amp;q=&amp;esrc=s&amp;source=web&amp;cd=&amp;cad=rja&amp;uact=8&amp;ved=2ahUKEwjZqKfcifuPAxVAKvsDHcoXIT0QFnoECBYQAQ&amp;url=https%253A%252F%252Fwww.ledauphine.com%252Fsport%252F2025%252F04%252F28%252Fancien-champion-du-monde-de-kayak-cet-ardechois-remporte-l-une-des-courses-les-plus-dures-au-monde&amp;usg=AOvVaw1w2l9Q864Tgebt_1kmUaYp&amp;opi=89978449\" target=\"_blank\" rel=\"noopener\">le\u00a0Madeira Island Ultra-Trail (117\u00a0km, 6\u00a0640\u00a0m D+) en avril dernier<\/a>, \u00e9preuve r\u00e9f\u00e9rence dans le monde du trail, Paul Cornut Chauvinc s\u2019\u00e9tait adonn\u00e9 au sport national en Ard\u00e8che, le cano\u00eb-kayak. Champion du monde de kayak slalom en 2016, il \u00e9tait \u00e0 ce moment-l\u00e0 tr\u00e8s loin de la course \u00e0 pied, qu\u2019il n\u2019a commenc\u00e9 qu\u2019en 2021.<\/p>\n<p>L\u2019ancien licenci\u00e9 du Vallon Plein Air, \u00e0 Vallon-Pont-d\u2019Arc s\u2019est depuis install\u00e9 en Ari\u00e8ge o\u00f9 il est d\u00e9sormais professeur de\u2026 cano\u00eb-kayak pendant la semaine. Une activit\u00e9 \u00e0 temps plein qui ne l\u2019emp\u00eache pas de s\u2019entra\u00eener \u00e0 20 heures par semaine en course \u00e0 pied. Et visiblement, c\u2019est un \u00e9quilibre qui fonctionne.<\/p>\n","protected":false},"excerpt":{"rendered":"C\u2019est ce qui s\u2019appelle tenir son rang. Annonc\u00e9 comme favori de l\u2019\u00e9preuve, Paul Cornut Chauvinc a fait respecter&hellip;\n","protected":false},"author":2,"featured_media":423444,"comment_status":"","ping_status":"","sticky":false,"template":"","format":"standard","meta":{"footnotes":""},"categories":[2819],"tags":[1111,11,4646,16814,4645,1777,674,107,1701,1011,27,12,2401,882,25,7135,517,1947,15103,6187,32369,45991,55271],"class_list":{"0":"post-423443","1":"post","2":"type-post","3":"status-publish","4":"format-standard","5":"has-post-thumbnail","7":"category-nice","8":"tag-actu","9":"tag-actualites","10":"tag-ardeche","11":"tag-canoe-kayak","12":"tag-edition-aubenas-privas-vallee-du-rhone","13":"tag-eu","14":"tag-europe","15":"tag-fil-info","16":"tag-fil-info-sport","17":"tag-fr","18":"tag-france","19":"tag-news","20":"tag-nice","21":"tag-provence-alpes-cote-dazur","22":"tag-republique-francaise","23":"tag-running","24":"tag-sport","25":"tag-sport-national","26":"tag-sports-nautiques","27":"tag-trail","28":"tag-utmb","29":"tag-vallon-pont-darc","30":"tag-vallon-pont-darc-et-autour"},"share_on_mastodon":{"url":"https:\/\/pubeurope.com\/@fr\/115281270172636814","error":""},"_links":{"self":[{"href":"https:\/\/www.europesays.com\/fr\/wp-json\/wp\/v2\/posts\/423443","targetHints":{"allow":["GET"]}}],"collection":[{"href":"https:\/\/www.europesays.com\/fr\/wp-json\/wp\/v2\/posts"}],"about":[{"href":"https:\/\/www.europesays.com\/fr\/wp-json\/wp\/v2\/types\/post"}],"author":[{"embeddable":true,"href":"https:\/\/www.europesays.com\/fr\/wp-json\/wp\/v2\/users\/2"}],"replies":[{"embeddable":true,"href":"https:\/\/www.europesays.com\/fr\/wp-json\/wp\/v2\/comments?post=423443"}],"version-history":[{"count":0,"href":"https:\/\/www.europesays.com\/fr\/wp-json\/wp\/v2\/posts\/423443\/revisions"}],"wp:featuredmedia":[{"embeddable":true,"href":"https:\/\/www.europesays.com\/fr\/wp-json\/wp\/v2\/media\/423444"}],"wp:attachment":[{"href":"https:\/\/www.europesays.com\/fr\/wp-json\/wp\/v2\/media?parent=423443"}],"wp:term":[{"taxonomy":"category","embeddable":true,"href":"https:\/\/www.europesays.com\/fr\/wp-json\/wp\/v2\/categories?post=423443"},{"taxonomy":"post_tag","embeddable":true,"href":"https:\/\/www.europesays.com\/fr\/wp-json\/wp\/v2\/tags?post=423443"}],"curies":[{"name":"wp","href":"https:\/\/api.w.org\/{rel}","templated":true}]}}