{"id":423445,"date":"2025-09-28T09:42:13","date_gmt":"2025-09-28T09:42:13","guid":{"rendered":"https:\/\/www.europesays.com\/fr\/423445\/"},"modified":"2025-09-28T09:42:13","modified_gmt":"2025-09-28T09:42:13","slug":"theatre-concerts-soiree-halloween-lete-indien-fait-son-retour-sous-les-nefs-de-nantes","status":"publish","type":"post","link":"https:\/\/www.europesays.com\/fr\/423445\/","title":{"rendered":"Th\u00e9\u00e2tre, concerts, soir\u00e9e Halloween&#8230; L&rsquo;\u00c9t\u00e9 indien fait son retour sous les Nefs de Nantes"},"content":{"rendered":"<p>            Par<br \/>\n        <strong><br \/>\n            <a href=\"https:\/\/actu.fr\/auteur\/clemence-pays02-actu-fr\" title=\"Consulter tous les articles de Cl\u00e9mence Pays\" rel=\"nofollow noopener\" target=\"_blank\">Cl\u00e9mence Pays<\/a><br \/>\n        <\/strong><\/p>\n<p>        Publi\u00e9 le<\/p>\n<p>            28 sept. 2025 \u00e0 8h34        <\/p>\n<p><strong>L\u2019\u00c9t\u00e9 indien<\/strong> fait son retour \u00e0 Nantes, avec une programmation musicale et de spectacle vivant, <strong>sous les Nefs<\/strong> des Machines de l\u2019\u00eele, <strong>du samedi\u00a04 au vendredi 31\u00a0octobre 2025.<\/strong> Ce rendez-vous se veut \u00ab\u2009ouvert sur le monde\u2009\u00bb pour \u00ab\u2009faire d\u00e9couvrir des artistes\u2009\u00bb.\u00a0La programmation fait \u00e9galement une belle place aux artistes et acteurs locaux.<\/p>\n<p class=\" wall-content\">L\u2019\u00c9t\u00e9 indien, c\u2019est aussi \u00ab\u2009un lieu de rendez-vous pour toutes les Nantaises et Nantais. C\u2019est pour \u00e7a que <strong>toutes les manifestations sont gratuites<\/strong>\u2009\u00bb, poursuit Laurent Mareschal, le programmateur de l\u2019\u00e9v\u00e9nement.<\/p>\n<p class=\" wall-content\">Ainsi, pour cette <strong>18e \u00e9dition,<\/strong> musique, th\u00e9\u00e2tre de rue \u00ab\u2009et \u00e0 l\u2019occasion des formes participatives\u2009\u00bb sont au programme. Tour d\u2019horizon.<\/p>\n<p>Un week-end de lancement autour de la musique nippone<\/p>\n<p class=\" wall-content\">La premi\u00e8re soir\u00e9e de l\u2019\u00c9t\u00e9 indien se d\u00e9roulera <strong>samedi 4\u00a0octobre<\/strong> avec un concert du groupe de <strong>reggae japonais<\/strong> <strong>Tokyo Riddim Band.<\/strong><\/p>\n<p class=\" wall-content\">C\u2019est ensuite<strong> Atemi,<\/strong> historique de la sc\u00e8ne nantaise, qui s\u2019installera derri\u00e8re les platines pour un <strong>DJ set.<\/strong><\/p>\n<p class=\" wall-content\">Cette soir\u00e9e s\u2019inscrit dans le cadre du Nippon Rhythm Weekender, week-end festif organis\u00e9 en collaboration avec Trempo et Abstrack.<\/p>\n<p class=\" wall-content\"><a href=\"https:\/\/www.instagram.com\/p\/DN0Ijnr2h2w\/embed\" title=\"Ouvrir le lien sur Instagram\" rel=\"nofollow noopener\" target=\"_blank\">Visualiser le contenu sur Instagram<\/a><\/p>\n<p class=\" wall-content\">Le <strong>vendredi 3\u00a0octobre,<\/strong> la soir\u00e9e se d\u00e9roulera <strong>\u00e0 Trempo<\/strong> avec Heavenphetamine, Tomoki Tamura et Shoko Igarashi. Le <strong>samedi,<\/strong> ce sera donc<strong> sous les Nefs.<\/strong> Et <strong>dimanche 5\u00a0octobre,<\/strong> le rendez-vous est donn\u00e9 dans le quartier Bas-Chantenay, au <strong>Little Atlantic Brewery,<\/strong> qui accueillera Kay Suzuki et Atemi.<\/p>\n<p>Votre r\u00e9gion, votre actu !<\/p>\n<p>Recevez chaque jour les infos qui comptent pour vous.<\/p>\n<p>\t<a href=\"https:\/\/actu.fr\/newsletter\" class=\"ac-btn ac-btn--corner ac-btn--medium ac-btn--blue800\" rel=\"nofollow noopener\" target=\"_blank\">S&rsquo;incrire<\/a><br \/>\nDe la musique et du th\u00e9\u00e2tre<\/p>\n<p class=\" wall-content\"><strong>Vendredi 10\u00a0octobre,<\/strong> La Compagnie du Deuxi\u00e8me, formation nantaise, pr\u00e9sentera Pourquoi Rom\u00e9o n\u2019a-t-il pas fini chez Midas\u2009?. \u00abC\u2019est une adaptation fa\u00e7on <strong>th\u00e9\u00e2tre de rue<\/strong> de Rom\u00e9o et Juliette\u2009\u00bb, pr\u00e9cise Laurent Mareschal.<\/p>\n<p class=\" wall-content\"><strong>Samedi 18\u00a0octobre,<\/strong> le collectif La M\u00e9andre interpr\u00e8tera Fant\u00f4me. \u00ab\u2009C\u2019est un <strong>spectacle assez \u00e9tonnant,<\/strong> qui m\u00e9lange de la musique, du dessin anim\u00e9, des costumes, toutes sortes de choses [\u2026]. C\u2019est l\u2019histoire d\u2019une r\u00e9volution qui est men\u00e9e par un enfant.\u2009\u00bb<\/p>\n<p class=\" wall-content\"><strong>Vendredi 24\u00a0octobre,<\/strong> ce sera \u00ab\u2009une ambiance tr\u00e8s nantaise\u2009\u00bb avec la <strong>Sumu release party,<\/strong> d\u00e9di\u00e9e \u00e0 la sortie du nouvel album du groupe Tribeqa. Fond\u00e9 en 2003 par quatre musiciens nantais, le groupe m\u00eale jazz, hip-hop, soul, funk.<\/p>\n<p class=\" wall-content\">Sur sc\u00e8ne, Tribeqa invitera toutes les personnes qui ont contribu\u00e9 \u00e0 leur dernier projet. \u00ab\u2009Ce sera <strong>un moment de f\u00eate<\/strong> autour du dernier album\u2009\u00bb, pr\u00e9vient Laurent Mareschal.<\/p>\n<p>Une soir\u00e9e sp\u00e9ciale Halloween<\/p>\n<p class=\" wall-content\">La cinqui\u00e8me et derni\u00e8re soir\u00e9e de l\u2019\u00c9t\u00e9 indien sera \u00ab\u2009assez particuli\u00e8re\u2009\u00bb, puisqu\u2019elle se d\u00e9roulera<strong> vendredi 31\u00a0octobre,<\/strong> jour d\u2019<a href=\"https:\/\/actu.fr\/tag\/halloween\" rel=\"nofollow noopener\" target=\"_blank\">Halloween<\/a>.<\/p>\n<p class=\" wall-content\">L\u2019occasion \u00e9tait trop belle pour ne rien en faire. \u00ab\u2009On s\u2019est dit qu\u2019on pouvait proposer un endroit de rassemblement pour Halloween. On va enti\u00e8rement d\u00e9corer les Nefs [\u2026]. On va installer <strong>un grand runway<\/strong> (1) et on va proposer \u00e0 qui veut de montrer \u00e0 qui sera l\u00e0, son costume d\u2019Halloween.\u2009\u00bb<\/p>\n<blockquote class=\"ac-article-quote wall-content\">\n<p>Ce sera une esp\u00e8ce de grand d\u00e9fil\u00e9 de costumes d&rsquo;Halloween qui se fera en musique.<\/p>\n<p>    <strong>Laurent Mareschal<\/strong><br \/>\n        Programmateur de l&rsquo;\u00c9t\u00e9 indien    <\/p><\/blockquote>\n<p class=\" wall-content\">\u00ab\u2009J\u2019esp\u00e8re que ce sera un grand moment de f\u00eate\u2009\u00bb, conclut le programmateur.<\/p>\n<p class=\" wall-content\">(1) Un podium pour d\u00e9filer.<\/p>\n<p><strong>Informations pratiques\u2009:<\/strong><br \/>\nL\u2019\u00c9t\u00e9 indien, du 4 au 31\u00a0octobre 2025, sous les Nefs de l\u2019\u00eele de Nantes. Gratuit. Programmation compl\u00e8te disponible <a href=\"https:\/\/www.lesmachines-nantes.fr\/save-the-date-ete-indien-2025\/\" rel=\"nofollow noopener\" target=\"_blank\">en cliquant ici<\/a>.<br \/>\nBar et petite restauration sur place.<\/p>\n<p class=\" wall-content\">Personnalisez votre actualit\u00e9 en ajoutant vos villes et m\u00e9dias en favori avec <a href=\"https:\/\/moncompte.actu.fr\" title=\"D\u00e9couvez Mon Actu\" rel=\"nofollow noopener\" data-trk=\"{&quot;cta&quot;:{&quot;action&quot;:&quot;https:\\\/\\\/moncompte.actu.fr&quot;,&quot;category&quot;:&quot;mon compte&quot;,&quot;from&quot;:&quot;article footer&quot;,&quot;name&quot;:&quot;Mon actu&quot;,&quot;type&quot;:&quot;cta&quot;}}\" target=\"_blank\">Mon Actu<\/a>.<\/p>\n<p>                    <script async src=\"\/\/www.instagram.com\/embed.js\"><\/script><\/p>\n","protected":false},"excerpt":{"rendered":"Par Cl\u00e9mence Pays Publi\u00e9 le 28 sept. 2025 \u00e0 8h34 L\u2019\u00c9t\u00e9 indien fait son retour \u00e0 Nantes, avec&hellip;\n","protected":false},"author":2,"featured_media":423446,"comment_status":"","ping_status":"","sticky":false,"template":"","format":"standard","meta":{"footnotes":""},"categories":[2818],"tags":[1111,11,1697,1777,674,1011,27,19649,1652,766,12,2636,25],"class_list":{"0":"post-423445","1":"post","2":"type-post","3":"status-publish","4":"format-standard","5":"has-post-thumbnail","7":"category-nantes","8":"tag-actu","9":"tag-actualites","10":"tag-concert","11":"tag-eu","12":"tag-europe","13":"tag-fr","14":"tag-france","15":"tag-les-machines-de-lile","16":"tag-loisirs-culture","17":"tag-nantes","18":"tag-news","19":"tag-pays-de-la-loire","20":"tag-republique-francaise"},"share_on_mastodon":{"url":"https:\/\/pubeurope.com\/@fr\/115281274080169867","error":""},"_links":{"self":[{"href":"https:\/\/www.europesays.com\/fr\/wp-json\/wp\/v2\/posts\/423445","targetHints":{"allow":["GET"]}}],"collection":[{"href":"https:\/\/www.europesays.com\/fr\/wp-json\/wp\/v2\/posts"}],"about":[{"href":"https:\/\/www.europesays.com\/fr\/wp-json\/wp\/v2\/types\/post"}],"author":[{"embeddable":true,"href":"https:\/\/www.europesays.com\/fr\/wp-json\/wp\/v2\/users\/2"}],"replies":[{"embeddable":true,"href":"https:\/\/www.europesays.com\/fr\/wp-json\/wp\/v2\/comments?post=423445"}],"version-history":[{"count":0,"href":"https:\/\/www.europesays.com\/fr\/wp-json\/wp\/v2\/posts\/423445\/revisions"}],"wp:featuredmedia":[{"embeddable":true,"href":"https:\/\/www.europesays.com\/fr\/wp-json\/wp\/v2\/media\/423446"}],"wp:attachment":[{"href":"https:\/\/www.europesays.com\/fr\/wp-json\/wp\/v2\/media?parent=423445"}],"wp:term":[{"taxonomy":"category","embeddable":true,"href":"https:\/\/www.europesays.com\/fr\/wp-json\/wp\/v2\/categories?post=423445"},{"taxonomy":"post_tag","embeddable":true,"href":"https:\/\/www.europesays.com\/fr\/wp-json\/wp\/v2\/tags?post=423445"}],"curies":[{"name":"wp","href":"https:\/\/api.w.org\/{rel}","templated":true}]}}