{"id":423464,"date":"2025-09-28T09:53:11","date_gmt":"2025-09-28T09:53:11","guid":{"rendered":"https:\/\/www.europesays.com\/fr\/423464\/"},"modified":"2025-09-28T09:53:11","modified_gmt":"2025-09-28T09:53:11","slug":"fermeture-de-lyon-les-motards-defient-gregory-doucet-sous-ses-fenetres","status":"publish","type":"post","link":"https:\/\/www.europesays.com\/fr\/423464\/","title":{"rendered":"Fermeture de Lyon. Les motards d\u00e9fient Gr\u00e9gory Doucet sous ses fen\u00eatres &#8211;"},"content":{"rendered":"<p>\t\t\t\t<img fetchpriority=\"high\" decoding=\"async\" width=\"900\" height=\"600\" src=\"https:\/\/www.europesays.com\/fr\/wp-content\/uploads\/2025\/09\/Manif-des-motards-Lyon-2026-photo-Pascal-Pierart.jpg\" alt=\"\" title=\"Manif des motards Lyon 2026 photo Pascal Pi\u00e9rart\"   class=\"wp-image-164998\"\/><\/p>\n<p><strong>Texte\u00a0: Marco Polisson \u2013<\/strong> Plusieurs centaines de motard ont particip\u00e9 \u00e0 la manifestation contre la ZFE et la ZTL, deux absurdies \u00e9cologistes anti-sociales.<\/p>\n<p>Apr\u00e8s avoir p\u00e9n\u00e9tr\u00e9 dans la cit\u00e9 interdite en franchissant la borne ZTL de la rue Gentil, les deux roues motoris\u00e9es ont rejoint l\u2019h\u00f4tel de ville par la rue Edouard Herriot. Ils ont ensuite stationn\u00e9 leurs v\u00e9hicules politiquement incorrects place de la Com\u00e9die, sous les fen\u00eatres de Gregory Doucet, (\u00e9ph\u00e9)maire de Lyon.<\/p>\n<p>La F\u00e9d\u00e9ration des motards en col\u00e8re souhaite la suppression de la ZFE (Zone \u00e0 Faibles Emissions) la plus restrictive de France, ainsi que la ZTL (Zone \u00e0 Trafic Limit\u00e9) effective depuis l\u2019\u00e9t\u00e9 2024. \u00ab\u00a0Deux symboles du tri id\u00e9ologique, social et \u00e9conomique que subit la population\u00a0\u00bb selon le porte-parole de la FFMC.<\/p>\n<p>Les nombreux motards pr\u00e9sents ont \u00e9t\u00e9 rejoints par des membres du collectif \u00ab Les Q\u00e9fenseurs de Lyon \u00bb, mais aussi par des artisans, commer\u00e7ants, riverains qui sont quotidiennement impact\u00e9s par la fermeture de la presqu\u2019\u00eele. La col\u00e8re touche d\u00e9sormais toutes les sociologies de la population lyonnaise. Mi-septembre, <a href=\"https:\/\/www.lyonpeople.com\/actualites-lyon\/actualites-economiques\/fermeture-de-lyon-il-faut-sauver-le-soldat-bonnard-2025-09-17.html\" target=\"_blank\" rel=\"noopener\"><strong>200 Lyonnais ont bloqu\u00e9 la rue Grenette<\/strong><\/a> pour soutenir les g\u00e9rants de la charcuterie Bonnard.<\/p>\n","protected":false},"excerpt":{"rendered":"Texte\u00a0: Marco Polisson \u2013 Plusieurs centaines de motard ont particip\u00e9 \u00e0 la manifestation contre la ZFE et la&hellip;\n","protected":false},"author":2,"featured_media":423465,"comment_status":"","ping_status":"","sticky":false,"template":"","format":"standard","meta":{"footnotes":""},"categories":[1889],"tags":[4257,1111,11,2430,1777,674,1011,27,2428,55273,12,25],"class_list":{"0":"post-423464","1":"post","2":"type-post","3":"status-publish","4":"format-standard","5":"has-post-thumbnail","7":"category-lyon","8":"tag-0top","9":"tag-actu","10":"tag-actualites","11":"tag-auvergne-rhone-alpes","12":"tag-eu","13":"tag-europe","14":"tag-fr","15":"tag-france","16":"tag-lyon","17":"tag-manif-des-motards","18":"tag-news","19":"tag-republique-francaise"},"share_on_mastodon":{"url":"https:\/\/pubeurope.com\/@fr\/115281317985719687","error":""},"_links":{"self":[{"href":"https:\/\/www.europesays.com\/fr\/wp-json\/wp\/v2\/posts\/423464","targetHints":{"allow":["GET"]}}],"collection":[{"href":"https:\/\/www.europesays.com\/fr\/wp-json\/wp\/v2\/posts"}],"about":[{"href":"https:\/\/www.europesays.com\/fr\/wp-json\/wp\/v2\/types\/post"}],"author":[{"embeddable":true,"href":"https:\/\/www.europesays.com\/fr\/wp-json\/wp\/v2\/users\/2"}],"replies":[{"embeddable":true,"href":"https:\/\/www.europesays.com\/fr\/wp-json\/wp\/v2\/comments?post=423464"}],"version-history":[{"count":0,"href":"https:\/\/www.europesays.com\/fr\/wp-json\/wp\/v2\/posts\/423464\/revisions"}],"wp:featuredmedia":[{"embeddable":true,"href":"https:\/\/www.europesays.com\/fr\/wp-json\/wp\/v2\/media\/423465"}],"wp:attachment":[{"href":"https:\/\/www.europesays.com\/fr\/wp-json\/wp\/v2\/media?parent=423464"}],"wp:term":[{"taxonomy":"category","embeddable":true,"href":"https:\/\/www.europesays.com\/fr\/wp-json\/wp\/v2\/categories?post=423464"},{"taxonomy":"post_tag","embeddable":true,"href":"https:\/\/www.europesays.com\/fr\/wp-json\/wp\/v2\/tags?post=423464"}],"curies":[{"name":"wp","href":"https:\/\/api.w.org\/{rel}","templated":true}]}}