{"id":423466,"date":"2025-09-28T09:57:13","date_gmt":"2025-09-28T09:57:13","guid":{"rendered":"https:\/\/www.europesays.com\/fr\/423466\/"},"modified":"2025-09-28T09:57:13","modified_gmt":"2025-09-28T09:57:13","slug":"les-gadzarts-les-eleves-de-la-prestigieuse-ecole-des-arts-et-metiers-manifestent-dimanche-a-paris-contre-leur-direction","status":"publish","type":"post","link":"https:\/\/www.europesays.com\/fr\/423466\/","title":{"rendered":"les Gadzarts, les \u00e9l\u00e8ves de la prestigieuse \u00e9cole des Arts et M\u00e9tiers, manifestent dimanche \u00e0 Paris contre leur direction"},"content":{"rendered":"\n<p class=\"c-chapo \">\n  Les Gadzarts sont en conflit ouvert avec la directrice du campus de Lille, qu\u2019ils accusent de violences contre des \u00e9tudiants, il y a pr\u00e8s d&rsquo;un an.\n<\/p>\n<p>            lire plus tard<\/p>\n<p id=\"dialog__title\" class=\"dialog__title\">Pour sauvegarder cet article, connectez-vous ou cr\u00e9ez un compte franceinfo<\/p>\n<p class=\"dialog__description\">Sans paiement. Sans abonnement.<\/p>\n<p>        Fermer la fen\u00eatre d\u2019activation des notifications France Info<\/p>\n<p>            cr\u00e9er votre compte<\/p>\n<p>            se connecter<\/p>\n<p>        Fermer la fen\u00eatre de pr\u00e9sentation<\/p>\n<p>    <img loading=\"lazy\" decoding=\"async\" class=\"signature__image lazyload\" width=\"100\" height=\"100\" data- alt=\"\" src=\"https:\/\/www.europesays.com\/fr\/wp-content\/uploads\/2025\/09\/noemie-bonnin-65e603970d2e9944228173.png\"\/><\/p>\n<p>    Publi\u00e9 le 28\/09\/2025 10:00<\/p>\n<p>        Temps de lecture : 2min<\/p>\n<p>    <img decoding=\"async\"  alt=\"Campus des Arts et M\u00e9tiers de Paris. (GOOGLE STREET VIEW)\" width=\"432\" height=\"243\" src=\"https:\/\/www.europesays.com\/fr\/wp-content\/uploads\/2025\/09\/capture-68d8d05c9fad6164269316.jpg\" fetchpriority=\"high\"\/><\/p>\n<p>      Campus des Arts et M\u00e9tiers de Paris. (GOOGLE STREET VIEW)<\/p>\n<p>La directrice du campus des Arts et M\u00e9tiers de Lille sera jug\u00e9e devant le tribunal correctionnel pour violences volontaires aggrav\u00e9es, le 30 septembre. Les faits remontent \u00e0 il y a pr\u00e8s d\u2019un an. En novembre 2024, <a href=\"https:\/\/www.franceinfo.fr\/societe\/education\/enquete-francetv-info-usinage-ou-bizutage-aux-arts-et-metiers-une-integration-controversee_1417441.html\" rel=\"nofollow noopener\" target=\"_blank\">jour de f\u00eate d&rsquo;int\u00e9gration <\/a>des \u00e9tudiants de premi\u00e8re ann\u00e9e, les futurs ing\u00e9nieurs se r\u00e9unissent sur le campus lillois, sans autorisation, et les choses s&rsquo;enveniment.<\/p>\n<p>\u00ab\u00a0[La directrice] est descendue avec ses chiens et les a l\u00e2ch\u00e9s sur les \u00e9tudiants\u00a0\u00bb, raconte Lyna Djelal, \u00e9tudiante de troisi\u00e8me ann\u00e9e, et repr\u00e9sentante de l&rsquo;Union des \u00e9l\u00e8ves &#8211; Arts et M\u00e9tiers (UEAM). Peu importe la raison, on ne l\u00e2che pas des chiens sur les \u00e9tudiants, s\u2019indigne-t-elle. On ne va pas non plus agresser, \u00e9trangler une \u00e9tudiante, la saisir \u00e0 la gorge. Il n\u2019y a rien qui puisse justifier \u00e7a\u00a0\u00bb.<\/p>\n<p>Ces \u00e9tudiants accusent aussi la directrice, arriv\u00e9e en juillet 2024, de d\u00e9nigrement, de pressions, d&rsquo;humiliations, et regrettent l&rsquo;absence de soutien de la part de la direction g\u00e9n\u00e9rale des Arts et m\u00e9tiers. Aujourd&rsquo;hui, cinq \u00e9tudiants et deux professeurs, qui ont soutenu les jeunes, risquent des mesures disciplinaires. \u00ab\u00a0On a l\u2019impression qu\u2019on cherche \u00e0 \u00e9touffer l\u2019affaire, \u00e0 s&rsquo;en d\u00e9barrasser, peu importe les victimes\u00a0\u00bb, poursuit Lyna Djelal.\u00a0<\/p>\n<p>La direction de l&rsquo;\u00e9cole, de son c\u00f4t\u00e9, d\u00e9ment toute agression et renvoie au rapport de l&rsquo;Inspection g\u00e9n\u00e9rale de l&rsquo;\u00c9ducation et de la recherche, auquel franceinfo n&rsquo;a pu avoir acc\u00e8s. Le texte souligne, selon elle, \u00ab\u00a0la diffusion massive d\u2019accusations graves de faits non av\u00e9r\u00e9s\u00a0\u00bb. Toujours selon la direction, le rapport estime que \u00ab\u00a0le seul manquement imputable \u00e0 la directrice est la pr\u00e9sence de ses chiens.\u00a0\u00bb<\/p>\n<p>Quoi qu&rsquo;il en soit, la crise est profonde au sein de ce prestigieux \u00e9tablissement, cr\u00e9\u00e9 il y a pr\u00e8s de 250\u00a0ans et dans lequel l&rsquo;esprit de corps s&rsquo;illustre encore. Un millier d&rsquo;\u00e9tudiants et d\u2019anciens \u00e9l\u00e8ves sont attendus au rassemblement dimanche 28\u00a0septembre \u00e0 14\u00a0heures, 151\u00a0boulevard de l\u2019H\u00f4pital, devant le campus Arts et M\u00e9tiers du 13e arrondissement de Paris. Des bus ont \u00e9t\u00e9 sp\u00e9cialement affr\u00e9t\u00e9s pour les \u00e9tudiants des huit campus de France.<\/p>\n<p><a href=\"https:\/\/www.change.org\/p\/pour-la-transparence-et-un-climat-serein-aux-arts-et-m%C3%A9tiers\" target=\"_blank\" rel=\"noopener nofollow\">Une p\u00e9tition<\/a>, intitul\u00e9e \u00ab\u00a0pour la transparence et un climat serein aux Arts et m\u00e9tiers\u00a0\u00bb, a \u00e9galement \u00e9t\u00e9 lanc\u00e9e sur internet et rassemblait dimanche matin plus de 15\u00a0800\u00a0signatures.<\/p>\n","protected":false},"excerpt":{"rendered":"Les Gadzarts sont en conflit ouvert avec la directrice du campus de Lille, qu\u2019ils accusent de violences contre&hellip;\n","protected":false},"author":2,"featured_media":423467,"comment_status":"","ping_status":"","sticky":false,"template":"","format":"standard","meta":{"footnotes":""},"categories":[1888],"tags":[1111,1928,11,1927,1777,674,1011,27,12,1926,626,1925,25],"class_list":{"0":"post-423466","1":"post","2":"type-post","3":"status-publish","4":"format-standard","5":"has-post-thumbnail","7":"category-paris","8":"tag-actu","9":"tag-actu-paris","10":"tag-actualites","11":"tag-actualites-paris","12":"tag-eu","13":"tag-europe","14":"tag-fr","15":"tag-france","16":"tag-news","17":"tag-news-paris","18":"tag-paris","19":"tag-paris-news","20":"tag-republique-francaise"},"share_on_mastodon":{"url":"https:\/\/pubeurope.com\/@fr\/115281333758306973","error":""},"_links":{"self":[{"href":"https:\/\/www.europesays.com\/fr\/wp-json\/wp\/v2\/posts\/423466","targetHints":{"allow":["GET"]}}],"collection":[{"href":"https:\/\/www.europesays.com\/fr\/wp-json\/wp\/v2\/posts"}],"about":[{"href":"https:\/\/www.europesays.com\/fr\/wp-json\/wp\/v2\/types\/post"}],"author":[{"embeddable":true,"href":"https:\/\/www.europesays.com\/fr\/wp-json\/wp\/v2\/users\/2"}],"replies":[{"embeddable":true,"href":"https:\/\/www.europesays.com\/fr\/wp-json\/wp\/v2\/comments?post=423466"}],"version-history":[{"count":0,"href":"https:\/\/www.europesays.com\/fr\/wp-json\/wp\/v2\/posts\/423466\/revisions"}],"wp:featuredmedia":[{"embeddable":true,"href":"https:\/\/www.europesays.com\/fr\/wp-json\/wp\/v2\/media\/423467"}],"wp:attachment":[{"href":"https:\/\/www.europesays.com\/fr\/wp-json\/wp\/v2\/media?parent=423466"}],"wp:term":[{"taxonomy":"category","embeddable":true,"href":"https:\/\/www.europesays.com\/fr\/wp-json\/wp\/v2\/categories?post=423466"},{"taxonomy":"post_tag","embeddable":true,"href":"https:\/\/www.europesays.com\/fr\/wp-json\/wp\/v2\/tags?post=423466"}],"curies":[{"name":"wp","href":"https:\/\/api.w.org\/{rel}","templated":true}]}}