{"id":423476,"date":"2025-09-28T10:02:13","date_gmt":"2025-09-28T10:02:13","guid":{"rendered":"https:\/\/www.europesays.com\/fr\/423476\/"},"modified":"2025-09-28T10:02:13","modified_gmt":"2025-09-28T10:02:13","slug":"une-enfant-de-douze-ans-meurt-apres-une-attaque-massive-russe","status":"publish","type":"post","link":"https:\/\/www.europesays.com\/fr\/423476\/","title":{"rendered":"une enfant de douze ans meurt apr\u00e8s une \u00ab\u00a0attaque massive\u00a0\u00bb russe"},"content":{"rendered":"<p class=\"app_entry_lead\">\n<p>                    <a title=\"\u00a0\u00a9\u00a0Efrem Lukatsky\/AP\/SIPA (publi\u00e9e le 28\/09\/2025)\" href=\"https:\/\/www.europesays.com\/fr\/wp-content\/uploads\/2025\/09\/80809267.jpg\" class=\"fancy\"><\/p>\n<p>                            <img loading=\"lazy\" decoding=\"async\" src=\"https:\/\/www.europesays.com\/fr\/wp-content\/uploads\/2025\/09\/80809267.jpg\" alt=\"Guerre en Ukraine\u00a0: une enfant de douze ans meurt apr\u00e8s une &quot;attaque massive&quot; russe\" width=\"1500\" height=\"1000\"\/><\/p>\n<p>                    <\/a><\/p>\n<p>                La Russie a lanc\u00e9 une attaque importante sur l&rsquo;Ukraine dans la nuit du samedi 26\u00a0au dimanche 27\u00a0septembre. Selon le ministre ukrainien des Affaires \u00e9trang\u00e8res, il s&rsquo;agirait de frappes de \u00ab\u00a0centaines de drones et de missiles\u00a0\u00bb.<\/p>\n<p>Dans la nuit de samedi \u00e0 dimanche, la Russie a lanc\u00e9 \u00ab\u00a0des centaines de drones et de missiles\u00a0\u00bb contre l&rsquo;Ukraine, rapporte <a href=\"https:\/\/www.bfmtv.com\/international\/asie\/russie\/une-attaque-massive-la-russie-a-lance-des-centaines-de-drones-et-de-missiles-contre-l-ukraine_AN-202509280057.html\" target=\"_blank\" rel=\"noopener\">BFMTV<\/a> en citant le ministre ukrainien des Affaires \u00e9trang\u00e8res, Andri\u00ef Sybiga. Le bilan de l&rsquo;attaque est lourd\u00a0: au moins quatre personnes sont mortes, dont une enfant de douze ans, selon les autorit\u00e9s locales.<\/p>\n<p>\u00ab\u00a0La <a href=\"https:\/\/www.linternaute.fr\/voyage\/guides-de-voyage\/1455260-russie\/\" title=\"Russie\" target=\"_blank\" rel=\"noopener\">Russie<\/a> a lanc\u00e9 une nouvelle attaque a\u00e9rienne massive sur les villes ukrainiennes pendant que les gens dormaient. Encore une fois, des centaines de drones et de missiles, d\u00e9truisant des immeubles r\u00e9sidentiels et causant des victimes civiles\u00a0\u00bb, a \u00e9crit le ministre des Affaires \u00e9trang\u00e8res ukrainien sur le r\u00e9seau social X. Selon Volodymyr Zelensky, le pr\u00e9sident ukrainien, \u00ab\u00a0pr\u00e8s de 500\u00a0drones et plus de 40\u00a0missiles\u00a0\u00bb ont \u00e9t\u00e9 tir\u00e9s au cours d&rsquo;une attaque qu&rsquo;il a qualifi\u00e9e \u00ab\u00a0d&rsquo;ignoble\u00a0\u00bb.<\/p>\n<blockquote class=\"twitter-tweet\">\n<p dir=\"ltr\" lang=\"en\">A massive Russian attack on Ukraine lasted for more than 12 hours. Savage strikes, a deliberate, targeted terror against ordinary cities nearly 500 attack drones and over 40 missiles, including Kinzhal missiles. This morning, Russian-Iranian shaheds are again in our skies. <a href=\"https:\/\/t.co\/fshvsbMkIg\">pic.twitter.com\/fshvsbMkIg<\/a><\/p>\n<p>\u2014 Volodymyr Zelenskyy \/ (@ZelenskyyUa) <a href=\"https:\/\/twitter.com\/ZelenskyyUa\/status\/1972198116045488371?ref_src=twsrc%5Etfw\" target=\"_blank\" rel=\"noopener\">September 28, 2025<\/a><\/p><\/blockquote>\n<p>Une centrale nucl\u00e9aire dans le viseur de la Russie\u00a0?<\/p>\n<p>Vitali Klitschko, maire de Kiev, capitale de l&rsquo;Ukraine, a de son c\u00f4t\u00e9 d\u00e9plor\u00e9 six bless\u00e9s, dont cinq ont \u00e9t\u00e9 hospitalis\u00e9s apr\u00e8s une attaque dite \u00ab\u00a0massive\u00a0\u00bb. La ville de Zaporijjia, dans le sud-est du pays, a aussi \u00e9t\u00e9 touch\u00e9e \u00e0 de nombreuses reprises, provoquant de nombreux bless\u00e9s.<br \/>L&rsquo;Ukraine accuse Moscou de s&rsquo;en \u00eatre prise \u00e0 cette r\u00e9gion pour couper la centrale nucl\u00e9aire d&rsquo;Energodar, la plus grande d&rsquo;Europe. Elle d\u00e9nonce aussi la tentative russe de vouloir relier cette centrale nucl\u00e9aire au r\u00e9seau russe, et ce en d\u00e9pit des risques de s\u00e9curit\u00e9.<\/p>\n<p>En r\u00e9ponse, le minist\u00e8re de la D\u00e9fense russe a d\u00e9clar\u00e9 dimanche que 41\u00a0drones ukrainiens avaient \u00e9t\u00e9 abattus dans la nuit. La Pologne voisine a \u00e9galement annonc\u00e9 mobiliser son aviation de fa\u00e7on \u00ab\u00a0pr\u00e9ventive\u00a0\u00bb \u00e0 la suite des incursions dans son espace a\u00e9rien d&rsquo;une vingtaine de drones venus de Russie et de trois avions de combat dans le ciel estonien ces derni\u00e8res semaines.<\/p>\n<p>                    <script async src=\"https:\/\/platform.twitter.com\/widgets.js\" charset=\"utf-8\"><\/script><\/p>\n","protected":false},"excerpt":{"rendered":"La Russie a lanc\u00e9 une attaque importante sur l&rsquo;Ukraine dans la nuit du samedi 26\u00a0au dimanche 27\u00a0septembre. Selon&hellip;\n","protected":false},"author":2,"featured_media":423477,"comment_status":"","ping_status":"","sticky":false,"template":"","format":"standard","meta":{"footnotes":""},"categories":[1590],"tags":[11,55274,51761,1777,674,51763,131,74,12,51767,132,220],"class_list":{"0":"post-423476","1":"post","2":"type-post","3":"status-publish","4":"format-standard","5":"has-post-thumbnail","7":"category-ukraine","8":"tag-actualites","9":"tag-cms-linternaute-8906875","10":"tag-controller-content","11":"tag-eu","12":"tag-europe","13":"tag-format-papier","14":"tag-guerre-en-ukraine","15":"tag-monde","16":"tag-news","17":"tag-parallaxeinfeed","18":"tag-russie","19":"tag-ukraine"},"share_on_mastodon":{"url":"https:\/\/pubeurope.com\/@fr\/115281352901408686","error":""},"_links":{"self":[{"href":"https:\/\/www.europesays.com\/fr\/wp-json\/wp\/v2\/posts\/423476","targetHints":{"allow":["GET"]}}],"collection":[{"href":"https:\/\/www.europesays.com\/fr\/wp-json\/wp\/v2\/posts"}],"about":[{"href":"https:\/\/www.europesays.com\/fr\/wp-json\/wp\/v2\/types\/post"}],"author":[{"embeddable":true,"href":"https:\/\/www.europesays.com\/fr\/wp-json\/wp\/v2\/users\/2"}],"replies":[{"embeddable":true,"href":"https:\/\/www.europesays.com\/fr\/wp-json\/wp\/v2\/comments?post=423476"}],"version-history":[{"count":0,"href":"https:\/\/www.europesays.com\/fr\/wp-json\/wp\/v2\/posts\/423476\/revisions"}],"wp:featuredmedia":[{"embeddable":true,"href":"https:\/\/www.europesays.com\/fr\/wp-json\/wp\/v2\/media\/423477"}],"wp:attachment":[{"href":"https:\/\/www.europesays.com\/fr\/wp-json\/wp\/v2\/media?parent=423476"}],"wp:term":[{"taxonomy":"category","embeddable":true,"href":"https:\/\/www.europesays.com\/fr\/wp-json\/wp\/v2\/categories?post=423476"},{"taxonomy":"post_tag","embeddable":true,"href":"https:\/\/www.europesays.com\/fr\/wp-json\/wp\/v2\/tags?post=423476"}],"curies":[{"name":"wp","href":"https:\/\/api.w.org\/{rel}","templated":true}]}}