{"id":423480,"date":"2025-09-28T10:04:18","date_gmt":"2025-09-28T10:04:18","guid":{"rendered":"https:\/\/www.europesays.com\/fr\/423480\/"},"modified":"2025-09-28T10:04:18","modified_gmt":"2025-09-28T10:04:18","slug":"le-chantre-du-brexit-nigel-farage-caracolerait-en-tete-des-suffrages-en-cas-delection-selon-un-sondage","status":"publish","type":"post","link":"https:\/\/www.europesays.com\/fr\/423480\/","title":{"rendered":"le chantre du Brexit Nigel Farage caracolerait en t\u00eate des suffrages en cas d\u2019\u00e9lection, selon un sondage"},"content":{"rendered":"<p>Nigel Farage avait lanc\u00e9 le parti pour l\u2019ind\u00e9pendance du Royaume-Uni (UKIP) en 2006, soutenant le retrait de la Grande-Bretagne de l\u2019Union europ\u00e9enne.<\/p>\n<p class=\"fig-paragraph\">Sondage apr\u00e8s sondage, Nigel Farage caracole en t\u00eate. Son parti, Reform UK, remporterait 311 si\u00e8ges \u00e0 la Chambre des Communes en cas d\u2019\u00e9lection,\u00a0<a href=\"https:\/\/www.bloomberg.com\/news\/articles\/2025-09-26\/farage-on-track-to-become-uk-prime-minister-yougov-projects\" target=\"_blank\" rel=\"sponsored noopener nofollow\" data-gtm-custom-categorie=\"navigation\" data-gtm-custom-action=\"crossclick\" data-gtm-custom-label=\"Contextuel\" data-gtm-event=\"customEventSPE\">selon un sondage YouGov, publi\u00e9 ce vendredi<\/a>. Il doit en engranger 326 pour obtenir une majorit\u00e9. Ces sondages montrent la formidable expansion d\u2019un parti qui ne compte que cinq d\u00e9put\u00e9s actuellement, dont Nigel Farage, et pourrait menacer le traditionnel bipartisme britannique, balan\u00e7ant entre Conservateurs et Travaillistes.<\/p>\n<p class=\"fig-paragraph\">Un autre sondage publi\u00e9\u00a0<a href=\"https:\/\/www.thetimes.com\/uk\/politics\/article\/mrp-polling-reform-majority-labour-next-general-election-bzt5mpmn6?utm_medium=Social&amp;utm_source=Twitter#Echobox=1758993496\" target=\"_blank\" rel=\"sponsored noopener nofollow\" data-gtm-custom-categorie=\"navigation\" data-gtm-custom-action=\"crossclick\" data-gtm-custom-label=\"Contextuel\" data-gtm-event=\"customEventSPE\">vendredi par le Times<\/a> \u00a0annon\u00e7ait une majorit\u00e9 de 373 si\u00e8ges pour Reform UK en cas d\u2019\u00e9lection. Aucun autre parti n\u2019obtiendrait 100 si\u00e8ges. Keir Starmer, premier ministre travailliste, avait remport\u00e9 une large majorit\u00e9 (398) aux \u00e9lections g\u00e9n\u00e9rales de l\u2019an dernier. Las, sa popularit\u00e9 tutoie les 15%.<\/p>\n<p>                                    <a class=\"fig-a11y-skip a11y-hidden\" href=\"#fig-a11y-skip-main-inarticle\"><br \/>\n        Passer la publicit\u00e9<br \/>\n    <\/a><\/p>\n<p>\u00abUn vol du Brexit\u00bb<\/p>\n<p class=\"fig-paragraph\">Nigel Farage avait lanc\u00e9 le parti pour l\u2019ind\u00e9pendance du Royaume-Uni (UKIP) en 2006, soutenant le retrait de la Grande-Bretagne de l\u2019Union europ\u00e9enne. Peu apr\u00e8s le vote favorable au Brexit, il quitte la t\u00eate de son parti. Trois ans plus tard, devant les tergiversations des gouvernements conservateurs de l\u2019\u00e9poque, il lance le Brexit Party pour les \u00e9lections europ\u00e9ennes auxquelles il arrive en t\u00eate.<\/p>\n<p class=\"fig-paragraph\">Son parti ne pr\u00e9sente aucun candidat face aux Conservateurs, permettant une large victoire des partisans de Boris Johnson qui finalise un accord de retrait. D\u00e9\u00e7u par la politique des Tories, il cr\u00e9e Reform UK en 2024 et est \u00e9lu d\u00e9put\u00e9. Il d\u00e9nonce \u00abun vol du Brexit\u00bb, regrettant que le Royaume-Uni n\u2019a pas profit\u00e9 du retrait de l\u2019Union europ\u00e9enne pour diminuer drastiquement l\u2019immigration et lib\u00e9raliser davantage son \u00e9conomie. Toutefois, aucune \u00e9lection g\u00e9n\u00e9rale anticip\u00e9e n\u2019est pour l\u2019heure pr\u00e9vue. Le prochain rendez-vous parlementaire se tiendra en 2029.<\/p>\n","protected":false},"excerpt":{"rendered":"Nigel Farage avait lanc\u00e9 le parti pour l\u2019ind\u00e9pendance du Royaume-Uni (UKIP) en 2006, soutenant le retrait de la&hellip;\n","protected":false},"author":2,"featured_media":423481,"comment_status":"","ping_status":"","sticky":false,"template":"","format":"standard","meta":{"footnotes":""},"categories":[1588],"tags":[11,1353,1777,674,12,10669,473,1853,1851,1850,1852],"class_list":{"0":"post-423480","1":"post","2":"type-post","3":"status-publish","4":"format-standard","5":"has-post-thumbnail","7":"category-royaume-uni","8":"tag-actualites","9":"tag-brexit","10":"tag-eu","11":"tag-europe","12":"tag-news","13":"tag-nigel-farage","14":"tag-royaume-uni","15":"tag-royaume-uni-de-grande-bretagne-et-dirlande-du-nord","16":"tag-uk","17":"tag-united-kingdom","18":"tag-united-kingdom-of-great-britain-and-northern-ireland"},"share_on_mastodon":{"url":"https:\/\/pubeurope.com\/@fr\/115281360605878482","error":""},"_links":{"self":[{"href":"https:\/\/www.europesays.com\/fr\/wp-json\/wp\/v2\/posts\/423480","targetHints":{"allow":["GET"]}}],"collection":[{"href":"https:\/\/www.europesays.com\/fr\/wp-json\/wp\/v2\/posts"}],"about":[{"href":"https:\/\/www.europesays.com\/fr\/wp-json\/wp\/v2\/types\/post"}],"author":[{"embeddable":true,"href":"https:\/\/www.europesays.com\/fr\/wp-json\/wp\/v2\/users\/2"}],"replies":[{"embeddable":true,"href":"https:\/\/www.europesays.com\/fr\/wp-json\/wp\/v2\/comments?post=423480"}],"version-history":[{"count":0,"href":"https:\/\/www.europesays.com\/fr\/wp-json\/wp\/v2\/posts\/423480\/revisions"}],"wp:featuredmedia":[{"embeddable":true,"href":"https:\/\/www.europesays.com\/fr\/wp-json\/wp\/v2\/media\/423481"}],"wp:attachment":[{"href":"https:\/\/www.europesays.com\/fr\/wp-json\/wp\/v2\/media?parent=423480"}],"wp:term":[{"taxonomy":"category","embeddable":true,"href":"https:\/\/www.europesays.com\/fr\/wp-json\/wp\/v2\/categories?post=423480"},{"taxonomy":"post_tag","embeddable":true,"href":"https:\/\/www.europesays.com\/fr\/wp-json\/wp\/v2\/tags?post=423480"}],"curies":[{"name":"wp","href":"https:\/\/api.w.org\/{rel}","templated":true}]}}