{"id":423496,"date":"2025-09-28T10:15:15","date_gmt":"2025-09-28T10:15:15","guid":{"rendered":"https:\/\/www.europesays.com\/fr\/423496\/"},"modified":"2025-09-28T10:15:15","modified_gmt":"2025-09-28T10:15:15","slug":"atp-alex-corretja-sur-carlos-alcaraz-il-est-tres-difficile-de-jouer-au-tennis-en-souriant-comme-il-le-fait-quand-il-nest-pas-a-laise-il-essaie-de-trouver-des-solutions-de-maniere-saine","status":"publish","type":"post","link":"https:\/\/www.europesays.com\/fr\/423496\/","title":{"rendered":"ATP > Alex Corretja sur Carlos Alcaraz : \u00ab\u00a0Il est tr\u00e8s difficile de jouer au tennis en souriant comme il le fait. Quand il n&rsquo;est pas \u00e0 l&rsquo;aise, il essaie de trouver des solutions de mani\u00e8re saine\u00a0\u00bb"},"content":{"rendered":"<p>Lors d\u2019une inter\u00adview accord\u00e9e \u00e0 <a href=\"https:\/\/www.larazon.es\/gente\/famosos\/alex-corretja-creen-que-ganas-diez-millones-entonces-puedes-quejar_2025092768d727843ce0ad1de87d498c.html\" data-wpel-link=\"external\" target=\"_blank\" rel=\"nofollow external noopener\">La Raz\u00f3n<\/a>, le double fina\u00adliste de Roland\u2010Garros, Alex Corretja, a encens\u00e9 son jeune compa\u00adtriote Carlos Alcaraz dont l\u2019at\u00adti\u00adtude sur le court force le respect selon\u00a0lui.\u00a0<\/p>\n<p><strong>\u00ab\u202fC\u2019est un cadeau pour le monde entier. Il est unique dans sa fa\u00e7on de penser, d\u2019agir, dans son naturel. Il est tr\u00e8s diffi\u00adcile de jouer au tennis en souriant comme il le fait. Quand il n\u2019est pas \u00e0 l\u2019aise, il essaie de trouver des solu\u00adtions de mani\u00e8re saine. L\u2019\u00e9pop\u00e9e et le sacri\u00adfice, c\u2019est tr\u00e8s bien, mais amusons\u2010nous m\u00eame si cela implique de souffrir.\u202f\u00bb<\/strong><\/p>\n<p class=\"post-published-date\" style=\"color: silver; font-size: 75%; text-align: left;\">Publi\u00e9 le dimanche 28 septembre 2025 \u00e0 09:42<\/p>\n","protected":false},"excerpt":{"rendered":"Lors d\u2019une inter\u00adview accord\u00e9e \u00e0 La Raz\u00f3n, le double fina\u00adliste de Roland\u2010Garros, Alex Corretja, a encens\u00e9 son jeune&hellip;\n","protected":false},"author":2,"featured_media":423497,"comment_status":"","ping_status":"","sticky":false,"template":"","format":"standard","meta":{"footnotes":""},"categories":[1415],"tags":[1744,24027,1011,27,60,1467],"class_list":{"0":"post-423496","1":"post","2":"type-post","3":"status-publish","4":"format-standard","5":"has-post-thumbnail","7":"category-tennis","8":"tag-alcaraz","9":"tag-corretja","10":"tag-fr","11":"tag-france","12":"tag-sports","13":"tag-tennis"},"share_on_mastodon":{"url":"https:\/\/pubeurope.com\/@fr\/115281403771665645","error":""},"_links":{"self":[{"href":"https:\/\/www.europesays.com\/fr\/wp-json\/wp\/v2\/posts\/423496","targetHints":{"allow":["GET"]}}],"collection":[{"href":"https:\/\/www.europesays.com\/fr\/wp-json\/wp\/v2\/posts"}],"about":[{"href":"https:\/\/www.europesays.com\/fr\/wp-json\/wp\/v2\/types\/post"}],"author":[{"embeddable":true,"href":"https:\/\/www.europesays.com\/fr\/wp-json\/wp\/v2\/users\/2"}],"replies":[{"embeddable":true,"href":"https:\/\/www.europesays.com\/fr\/wp-json\/wp\/v2\/comments?post=423496"}],"version-history":[{"count":0,"href":"https:\/\/www.europesays.com\/fr\/wp-json\/wp\/v2\/posts\/423496\/revisions"}],"wp:featuredmedia":[{"embeddable":true,"href":"https:\/\/www.europesays.com\/fr\/wp-json\/wp\/v2\/media\/423497"}],"wp:attachment":[{"href":"https:\/\/www.europesays.com\/fr\/wp-json\/wp\/v2\/media?parent=423496"}],"wp:term":[{"taxonomy":"category","embeddable":true,"href":"https:\/\/www.europesays.com\/fr\/wp-json\/wp\/v2\/categories?post=423496"},{"taxonomy":"post_tag","embeddable":true,"href":"https:\/\/www.europesays.com\/fr\/wp-json\/wp\/v2\/tags?post=423496"}],"curies":[{"name":"wp","href":"https:\/\/api.w.org\/{rel}","templated":true}]}}