{"id":423498,"date":"2025-09-28T10:17:10","date_gmt":"2025-09-28T10:17:10","guid":{"rendered":"https:\/\/www.europesays.com\/fr\/423498\/"},"modified":"2025-09-28T10:17:10","modified_gmt":"2025-09-28T10:17:10","slug":"bagnaia-gewinnt-auf-neuem-motorrad-ich-hatte-von-den-tests-an-spas","status":"publish","type":"post","link":"https:\/\/www.europesays.com\/fr\/423498\/","title":{"rendered":"Bagnaia gewinnt auf neuem Motorrad: \u201eIch hatte von den Tests an Spa\u00df\u201c"},"content":{"rendered":"<p>Pecco Bagnaias Saison wird eine Art Paradoxon bleiben. Die eines gro\u00dfen Champions, zweimal gekr\u00f6nt, auf dem absteigenden Ast. Doch gro\u00dfe Champions sterben scheinbar nie. Der Italiener bewies dies in Motegi mit einem sensationellen Wochenende in Japan. Von der Pole Position aus gestartet, gewann er m\u00fchelos den Sprint und den Grand Prix und hinterlie\u00df damit beim siebzehnten Saisonlauf seinen Stempel.<\/p>\n<p class=\"gt-block\">Doch selbst wenn er gewinnt und seinen Teamkollegen dominiert, bleibt Pecco Bagnaia im Schatten von Marc M\u00e1rquez, dem offiziell gekr\u00f6nten Weltmeister. <a href=\"https:\/\/www.autohebdo.de\/Nachrichten\/MotoGP\" data-internallinksmanager029f6b8e52c=\"4\" title=\"MotoGP\" rel=\"nofollow noopener\" target=\"_blank\">MotoGP<\/a> zum siebten Mal, das erste Mal seit 2019. Die Leistung der Nummer 63 verdient jedoch Anerkennung, zumal sie die direkte Folge eines sparsamen Motorradwechsels ist.<br \/>Wenn Sie<\/p>\n<p>Nachdem er mit der Desmosedici GP25 zu k\u00e4mpfen hatte, die er nur schwer verstehen und beherrschen konnte, gewann Pecco Bagnaia schlie\u00dflich seinen Fall bei Ducati. Der Hersteller aus Borgo Panigale \u00e4nderte Gabel und Schwinge seiner Maschine, um sie auf die Spezifikationen von 2024 zur\u00fcckzubringen. Auf der GP24 k\u00e4mpfte Bagnaia bis zur letzten Runde gegen Jorge Mart\u00edn um den Titel und f\u00fchlte sich dabei deutlich wohler als auf dem Motorrad von 2025.<\/p>\n<p class=\"gt-block\"><strong>LESEN SIE AUCH &gt;\u00a0<a href=\"https:\/\/www.autohebdo.de\/Nachrichten\/MotoGP\/Japanischer-GP-MotoGP.html\" rel=\"nofollow noopener\" target=\"_blank\">GP von Japan: Bagnaia gewinnt, M\u00e1rquez holt den Titel!<\/a><\/strong><\/p>\n<p><strong>Rauch ohne Feuer<\/strong><\/p>\n<p class=\"gt-block\">\u201eJa, es hat mir wirklich Spa\u00df gemacht.\u201c best\u00e4tigt der Italiener die \u00c4nderungen an seinem Motorrad. \u201eIch hatte von den Trainingseinheiten in Misano an viel Spa\u00df. Ich konnte angreifen, ich hatte die Kontrolle und diese Art von Rennen ist das, was ich bevorzuge.\u201c Bagnaia erwischte einen hervorragenden Start und konnte schnell einen Vorsprung auf seine Verfolger Pedro Acosta, Joan Mir und Marc M\u00e1rquez herausfahren. Der Spanier, der im Laufe des Rennens auf den zweiten Platz zur\u00fcckgefallen war, konnte ihn nicht mehr einholen. Vielleicht hatte er das auch gar nicht gewollt, denn er konzentrierte sich auf den Titel.<\/p>\n<p class=\"gt-block\">\u201eIch habe gut angefangen und versucht, von Anfang an anzugreifen und dann zurechtzukommen, aber gl\u00fccklicher zu sein, ist schwierig.\u201c genie\u00dft Bagnaia, bevor er seinem Teamkollegen Tribut zollt: \u201eMarc sollte heute im Rampenlicht stehen, weil er eine unglaubliche Saison gespielt hat.\u201c<\/p>\n<p class=\"gt-block\">Bagnaia wiederum h\u00e4tte am Ende des Rennens beinahe alles verloren, als Rauchschwaden aus seinem Auspuff stiegen. In der Ducati-Box stieg mit jeder Runde die Angst, und Gigi Dall&rsquo;Ignas Puls stieg sichtlich. Am Ende hielt der Motor stand &#8230; und st\u00f6rte den Tagessieger nicht: \u201eIch wusste nichts von dem Rauch.\u201c gibt Bagnaia zu. \u201eIch hatte in den letzten f\u00fcnf Runden einfach etwas weniger Leistung, aber nur bei einigen Kurvenausg\u00e4ngen, w\u00e4hrend die Zeiten stimmten. Also bin ich zufrieden!\u201c<\/p>\n<p>Der Italiener festigte zudem seinen 3. Platz in der Meisterschaft vor Marco Bezzecchi, der 32 Punkte zur\u00fcckliegt.<\/p>\n<p class=\"gt-block\"><strong>LESEN SIE AUCH &gt;\u00a0<a href=\"https:\/\/www.autohebdo.de\/Nachrichten\/MotoGP\/MotoGP-Wertung-2025%3A-Die-Meisterschaft-nach-dem-Sprint-des-GP-von-Japan.html\" rel=\"nofollow noopener\" target=\"_blank\">Rangliste MotoGP 2025 \u2013 Die Meisterschaft nach dem GP von Japan<\/a><\/strong><\/p>\n","protected":false},"excerpt":{"rendered":"Pecco Bagnaias Saison wird eine Art Paradoxon bleiben. Die eines gro\u00dfen Champions, zweimal gekr\u00f6nt, auf dem absteigenden Ast.&hellip;\n","protected":false},"author":2,"featured_media":423499,"comment_status":"","ping_status":"","sticky":false,"template":"","format":"standard","meta":{"footnotes":""},"categories":[1413],"tags":[1011,27,1457,1456,60],"class_list":{"0":"post-423498","1":"post","2":"type-post","3":"status-publish","4":"format-standard","5":"has-post-thumbnail","7":"category-moto","8":"tag-fr","9":"tag-france","10":"tag-moto","11":"tag-motocycle","12":"tag-sports"},"share_on_mastodon":{"url":"https:\/\/pubeurope.com\/@fr\/115281411758682149","error":""},"_links":{"self":[{"href":"https:\/\/www.europesays.com\/fr\/wp-json\/wp\/v2\/posts\/423498","targetHints":{"allow":["GET"]}}],"collection":[{"href":"https:\/\/www.europesays.com\/fr\/wp-json\/wp\/v2\/posts"}],"about":[{"href":"https:\/\/www.europesays.com\/fr\/wp-json\/wp\/v2\/types\/post"}],"author":[{"embeddable":true,"href":"https:\/\/www.europesays.com\/fr\/wp-json\/wp\/v2\/users\/2"}],"replies":[{"embeddable":true,"href":"https:\/\/www.europesays.com\/fr\/wp-json\/wp\/v2\/comments?post=423498"}],"version-history":[{"count":0,"href":"https:\/\/www.europesays.com\/fr\/wp-json\/wp\/v2\/posts\/423498\/revisions"}],"wp:featuredmedia":[{"embeddable":true,"href":"https:\/\/www.europesays.com\/fr\/wp-json\/wp\/v2\/media\/423499"}],"wp:attachment":[{"href":"https:\/\/www.europesays.com\/fr\/wp-json\/wp\/v2\/media?parent=423498"}],"wp:term":[{"taxonomy":"category","embeddable":true,"href":"https:\/\/www.europesays.com\/fr\/wp-json\/wp\/v2\/categories?post=423498"},{"taxonomy":"post_tag","embeddable":true,"href":"https:\/\/www.europesays.com\/fr\/wp-json\/wp\/v2\/tags?post=423498"}],"curies":[{"name":"wp","href":"https:\/\/api.w.org\/{rel}","templated":true}]}}