{"id":42350,"date":"2025-04-21T20:42:14","date_gmt":"2025-04-21T20:42:14","guid":{"rendered":"https:\/\/www.europesays.com\/fr\/42350\/"},"modified":"2025-04-21T20:42:14","modified_gmt":"2025-04-21T20:42:14","slug":"paris-basketball-les-dessous-dune-folle-saison","status":"publish","type":"post","link":"https:\/\/www.europesays.com\/fr\/42350\/","title":{"rendered":"Paris Basketball, les dessous d\u2019une folle saison"},"content":{"rendered":"<p><strong>R\u00c9CIT \u2013 <\/strong>Nouveau venu en Euroligue, le club de la capitale s\u2019est pay\u00e9 presque tous les cadors pour se hisser en play-off. Il se prend \u00e0 r\u00eaver du titre avant d\u2019affronter Fenerbah\u00e7e en quarts de finale mardi.<\/p>\n<p class=\"fig-paragraph\">Feutre bleu dans la main droite,\u00a0<a href=\"http:\/\/www.lefigaro.fr\/sports\/basket\/basket-on-est-une-equipe-dangereuse-martele-tiago-splitter-le-coach-du-paris-basketball-20250410\" data-fig-type=\"NewsFlash\" data-gtm-custom-categorie=\"navigation\" data-gtm-custom-action=\"crossclick\" data-gtm-custom-label=\"Contextuel\" data-gtm-event=\"customEventSPE\" data-fig-domain=\"LEFIGARO\" target=\"_blank\" rel=\"noopener\">Tiago Splitter<\/a>\u00a0s\u2019affaire sur un large tableau devant ses joueurs, dont les yeux s\u2019\u00e9carquillent d\u00e9j\u00e0. Avant une explosion de joie dans le vestiaire. \u00ab\u00a02 days\u00a0\u00bb, a \u00e9crit l\u2019entra\u00eeneur du\u00a0<a href=\"http:\/\/www.lefigaro.fr\/sports\/basket\/on-a-marque-encore-plus-l-histoire-ce-soir-a-madrid-nadir-hifi-aux-anges-apres-l-exploit-du-paris-basketball-20250416\" data-fig-type=\"NewsFlash\" data-gtm-custom-categorie=\"navigation\" data-gtm-custom-action=\"crossclick\" data-gtm-custom-label=\"Contextuel\" data-gtm-event=\"customEventSPE\" data-fig-domain=\"LEFIGARO\" target=\"_blank\" rel=\"noopener\">Paris Basketball<\/a>, signifiant deux jours de repos accord\u00e9s. \u00ab\u00a0Attendez, attendez\u00a0\u00bb, interpelle Splitter, sourire aux l\u00e8vres, avant d\u2019\u00e9crire \u00ab\u00a0Final Four\u00a0\u00bb et de lancer\u00a0: \u00ab\u00a0C\u2019est l\u2019objectif.\u00a0\u00bb Une fa\u00e7on de r\u00e9compenser l\u2019exploit survenu quelques minutes plus t\u00f4t, une victoire sur le parquet du Real Madrid en barrages d\u2019Euroligue (73-81) pour acc\u00e9der aux quarts de finale, et de garder les pieds sur terre. \u00ab\u00a0L\u2019app\u00e9tit vient en mangeant\u00a0\u00bb, esquisse Amara Sy, directeur sportif du club parisien.<\/p>\n<p class=\"fig-paragraph\">C\u2019est une com\u00e8te qui a travers\u00e9 la galaxie du basket europ\u00e9en, foudroyant au passage quelques plan\u00e8tes au pedigree consid\u00e9rable. Olympiakos, Panathina\u00efkos, FC Barcelone, Real Madrid, Anadolu Efes, AS Monaco\u00a0: six des sept premiers du classement d\u2019Euroligue\u2026<\/p>\n<p class=\"fig-premium-paywall__infos\">\n        Cet article est r\u00e9serv\u00e9 aux abonn\u00e9s.        Il vous reste 82% \u00e0 d\u00e9couvrir.\n    <\/p>\n<p>                <img  data- alt=\"Le Figaro\" class=\"fig-img--complete fig-img\"\/><\/p>\n<p class=\"fig-premium-paywall__title\">Vous avez envie de lire la suite ?<\/p>\n<p class=\"fig-premium-paywall__subtitle\">D\u00e9bloquez tous les articles imm\u00e9diatement.<\/p>\n<p class=\"fig-premium-paywall__connect\">\n                D\u00e9j\u00e0 abonn\u00e9\u00a0?                <a class=\"fig-premium-paywall__connect-link\" href=\"https:\/\/connect.lefigaro.fr\/login?client=horizon_web&amp;type=main&amp;redirect_uri=https%3A%2F%2Fwww.lefigaro.fr%2Fsports%2Fbasket%2Fca-parait-irreel-paris-basketball-les-dessous-d-une-folle-saison-20250421\" data-js-gtm=\"{&quot;customCategorie&quot;: &quot;conversion&quot;, &quot;customAction&quot;: &quot;before_Landing_Connexion_paywall_auto&quot;, &quot;customLabel&quot;: &quot;bGVmaWdhcm8uZnJfXzFmMDFlOTM1LTZkYTAtNjczOC1iMWMxLWRmZjkyMGRiZTQ3M19fQXJ0aWNsZQ==_\u00ab\u00a0\u00c7a para\u00eet irr\u00e9el\u00a0\u00bb\u00a0: Paris Basketball, les dessous d\u2019une folle saison_261&quot;, &quot;customIDSPE&quot;: &quot;bGVmaWdhcm8uZnJfXzFmMDFlOTM1LTZkYTAtNjczOC1iMWMxLWRmZjkyMGRiZTQ3M19fQXJ0aWNsZQ==&quot;, &quot;event&quot;: &quot;customEventSPE&quot;}\" target=\"_blank\" rel=\"noopener\"><br \/>\n                    Connectez-vous<br \/>\n                <\/a>\n            <\/p>\n","protected":false},"excerpt":{"rendered":"R\u00c9CIT \u2013 Nouveau venu en Euroligue, le club de la capitale s\u2019est pay\u00e9 presque tous les cadors pour&hellip;\n","protected":false},"author":2,"featured_media":42351,"comment_status":"","ping_status":"","sticky":false,"template":"","format":"standard","meta":{"footnotes":""},"categories":[1888],"tags":[1111,1928,11,1927,2190,1465,1464,2180,2192,814,64,1777,450,2183,674,1011,27,2191,2193,820,2181,2182,12,1926,626,2179,1925,2189,2186,2184,2185,25,1980,2188,2187],"class_list":{"0":"post-42350","1":"post","2":"type-post","3":"status-publish","4":"format-standard","5":"has-post-thumbnail","7":"category-paris","8":"tag-actu","9":"tag-actu-paris","10":"tag-actualites","11":"tag-actualites-paris","12":"tag-asvel","13":"tag-basket","14":"tag-basketball","15":"tag-championnats-deurope","16":"tag-cholet","17":"tag-direct","18":"tag-equipe-de-france","19":"tag-eu","20":"tag-euro","21":"tag-euroligue","22":"tag-europe","23":"tag-fr","24":"tag-france","25":"tag-le-mans","26":"tag-limoges","27":"tag-live","28":"tag-mondial","29":"tag-nba","30":"tag-news","31":"tag-news-paris","32":"tag-paris","33":"tag-paris-basketball","34":"tag-paris-news","35":"tag-photos","36":"tag-play-offs","37":"tag-pro-a","38":"tag-pro-b","39":"tag-republique-francaise","40":"tag-resultats","41":"tag-statistiques","42":"tag-stats"},"share_on_mastodon":{"url":"https:\/\/pubeurope.com\/@fr\/114377899637478836","error":""},"_links":{"self":[{"href":"https:\/\/www.europesays.com\/fr\/wp-json\/wp\/v2\/posts\/42350","targetHints":{"allow":["GET"]}}],"collection":[{"href":"https:\/\/www.europesays.com\/fr\/wp-json\/wp\/v2\/posts"}],"about":[{"href":"https:\/\/www.europesays.com\/fr\/wp-json\/wp\/v2\/types\/post"}],"author":[{"embeddable":true,"href":"https:\/\/www.europesays.com\/fr\/wp-json\/wp\/v2\/users\/2"}],"replies":[{"embeddable":true,"href":"https:\/\/www.europesays.com\/fr\/wp-json\/wp\/v2\/comments?post=42350"}],"version-history":[{"count":0,"href":"https:\/\/www.europesays.com\/fr\/wp-json\/wp\/v2\/posts\/42350\/revisions"}],"wp:featuredmedia":[{"embeddable":true,"href":"https:\/\/www.europesays.com\/fr\/wp-json\/wp\/v2\/media\/42351"}],"wp:attachment":[{"href":"https:\/\/www.europesays.com\/fr\/wp-json\/wp\/v2\/media?parent=42350"}],"wp:term":[{"taxonomy":"category","embeddable":true,"href":"https:\/\/www.europesays.com\/fr\/wp-json\/wp\/v2\/categories?post=42350"},{"taxonomy":"post_tag","embeddable":true,"href":"https:\/\/www.europesays.com\/fr\/wp-json\/wp\/v2\/tags?post=42350"}],"curies":[{"name":"wp","href":"https:\/\/api.w.org\/{rel}","templated":true}]}}