{"id":423506,"date":"2025-09-28T10:21:13","date_gmt":"2025-09-28T10:21:13","guid":{"rendered":"https:\/\/www.europesays.com\/fr\/423506\/"},"modified":"2025-09-28T10:21:13","modified_gmt":"2025-09-28T10:21:13","slug":"en-haute-savoie-la-rencontre-entre-john-carpenter-et-claude-lelouch-avait-mal-tourne","status":"publish","type":"post","link":"https:\/\/www.europesays.com\/fr\/423506\/","title":{"rendered":"en Haute-Savoie, la rencontre entre John Carpenter et Claude Lelouch avait mal tourn\u00e9"},"content":{"rendered":"<p>John Carpenter et <a href=\"https:\/\/www.ledauphine.com\/p\/claude-lelouch\" target=\"_blank\" rel=\"nofollow noopener\">Claude Lelouch<\/a>. Deux r\u00e9alisateurs l\u00e9gendaires, deux monstres sacr\u00e9s du cin\u00e9ma, que tout oppose. L&rsquo;un s&rsquo;est habitu\u00e9 \u00e0 filmer\u00a0la mort, qu&rsquo;elle prenne la forme du tueur implacable Michael Myers (Halloween), d&rsquo;une cr\u00e9ature extraterrestre lovecraftienne (The Thing), ou d&rsquo;une voiture (Christine). L&rsquo;autre <a href=\"https:\/\/www.ledauphine.com\/culture-loisirs\/2022\/10\/30\/claude-lelouch-je-suis-un-metteur-en-vie\" target=\"_blank\" rel=\"nofollow noopener\">pr\u00e9f\u00e8re la vie<\/a>, l&rsquo;amour, les amis, <a href=\"https:\/\/www.ledauphine.com\/culture-loisirs\/2024\/10\/25\/claude-lelouch-la-vie-est-une-course-d-emmerdements-au-pays-des-merveilles\" target=\"_blank\" rel=\"nofollow noopener\">parfois les emmerdes<\/a> (Un homme et une femme, Itin\u00e9raire d&rsquo;un enfant g\u00e2t\u00e9, L&rsquo;aventure c&rsquo;est l&rsquo;aventure&#8230;).<\/p>\n<p>Ces deux cin\u00e9astes\u00a0ont pourtant eu l&rsquo;occasion de se\u00a0croiser, mais la rencontre ne s&rsquo;\u00e9tait pas tr\u00e8s bien pass\u00e9e. C&rsquo;est John Carpenter lui-m\u00eame qui a\u00a0racont\u00e9 cette histoire dans\u00a0Big John.\u00a0Sorti au milieu des ann\u00e9es 2000, ce documentaire\u00a0suit\u00a0le r\u00e9alisateur de New York 1997\u00a0d\u00e9ambuler en voiture dans les rues de Los Angeles.<\/p>\n<p>Pendant 1h15, il\u00a0raconte, parfois la clope au bec, les coulisses de ses films, s&rsquo;arr\u00eate de temps en temps dans les lieux qui ont marqu\u00e9 sa\u00a0carri\u00e8re et se livre, sans filtre, sur tout un tas de sujets. Petit floril\u00e8ge\u00a0: \u00ab Les \u00c9tats-Unis n&rsquo;est pas un pays intellectuel, ne l&rsquo;a jamais \u00e9t\u00e9 et ne le sera jamais. \u00bb [\u00c0 Hollywood], si tu ne rapportes pas d&rsquo;argent,\u00a0[les producteurs] n&rsquo;ont pas besoin de toi. \u00c0 moins d&rsquo;avoir la classe, ce qui n&rsquo;est d\u00e9finitivement pas mon cas\u00a0!\u00a0\u00bb<\/p>\n<p>  \u00ab Claude Lelouch \u00e9tait outr\u00e9 que j&rsquo;ose venir lui parler \u00bb<\/p>\n<p>Et puis arrive le moment d&rsquo;aborder son film\u00a0Fog, qui avait \u00e9t\u00e9 s\u00e9lectionn\u00e9 en comp\u00e9tition du <a href=\"https:\/\/www.ledauphine.com\/culture-loisirs\/2023\/01\/23\/avoriaz-le-festival-qui-n-avait-peur-de-rien\" target=\"_blank\" rel=\"nofollow noopener\">festival international du film fantastique d&rsquo;Avoriaz<\/a> en 1980, aux c\u00f4t\u00e9s notamment d&rsquo;un certain\u00a0Mad Max.\u00a0\u00ab\u00a0Je suis all\u00e9 \u00e0 Avoriaz pour pr\u00e9senter Fog. C&rsquo;\u00e9tait g\u00e9nial, j&rsquo;ai pu rencontrer <a href=\"https:\/\/www.ledauphine.com\/societe\/2023\/01\/24\/quand-delon-de-niro-ou-polanski-se-deplacaient-a-avoriaz\" target=\"_blank\" rel=\"nofollow noopener\">Roman Polanski<\/a>, un de mes h\u00e9ros, raconte-t-il pendant le documentaire. Mais cela dit, c&rsquo;\u00e9tait bizarre&#8230; Je n&rsquo;\u00e9tais pas conscient de la politique derri\u00e8re les coulisses. La vache&#8230; Tout le monde se prenait un peu trop au s\u00e9rieux.\u00a0\u00bb<\/p>\n<p>Il poursuit\u00a0: \u00ab\u00a0L&rsquo;un des jur\u00e9s \u00e0 l&rsquo;\u00e9poque \u00e9tait <a href=\"https:\/\/www.ledauphine.com\/societe\/2024\/11\/14\/comment-claude-lelouch-a-echappe-a-la-deportation-grace-a-son-institutrice\" target=\"_blank\" rel=\"nofollow noopener\">Claude Lelouch<\/a> [&#8230;]. Je m&rsquo;approche de lui pour le saluer car j&rsquo;aimais certains de ses films, particuli\u00e8rement La bonne ann\u00e9e\u00a0[&#8230;]. Au moment o\u00f9 je lui dis \u201cbonjour, je suis John Carpenter et je voulais vous dire \u00e0 quel point je suis touch\u00e9 de vous rencontrer\u201d, il \u00e9tait outr\u00e9 que j&rsquo;ose venir lui parler, comme si j&rsquo;essayais d&rsquo;influencer son vote. Mais je n&rsquo;en avais strictement rien \u00e0 foutre de son vote\u00a0! C&rsquo;\u00e9tait juste pour moi l&rsquo;occasion de rencontrer un cin\u00e9aste l\u00e9gendaire et je me suis dit \u201cc&rsquo;est quoi son probl\u00e8me\u00a0?\u201d. Je m&rsquo;en fichais qu&rsquo;il vote pour Fog, moi-m\u00eame je n&rsquo;aurais pas vot\u00e9 pour Fog, je\u00a0voulais juste lui faire un compliment&#8230; \u00bb<\/p>\n<p>\u00c0 l&rsquo;arriv\u00e9e, Fog n&rsquo;a pas \u00e9t\u00e9 prim\u00e9 par le jury. L&rsquo;histoire ne nous dit pas si Claude Lelouch a vraiment milit\u00e9 contre le film de \u201cBig John\u201d, qui repartira tout de m\u00eame avec le prix de la critique. Un moindre mal quand on\u00a0sait \u00e0 quel point\u00a0Fog est aujourd&rsquo;hui culte.<\/p>\n<p>  \u00ab\u00a0Un des r\u00e9alisateurs hurlait : \u201cC&rsquo;est de la pornographie\u00a0!\u201d\u00a0\u00bb<\/p>\n<p>Quelques ann\u00e9es plus tard, John Carpenter franchira l&rsquo;autre c\u00f4t\u00e9 de la barri\u00e8re en devenant en 1995 le pr\u00e9sident du jury du festival, quand celui-ci avait quitt\u00e9 Avoriaz pour <a href=\"https:\/\/www.ledauphine.com\/actualite\/2013\/02\/02\/la-seconde-vie-du-festival-d-avoriaz\" target=\"_blank\" rel=\"nofollow noopener\">s&rsquo;installer \u00e0 G\u00e9rardmer<\/a>. \u00ab Mon Dieu&#8230; Tout le monde se prenait beaucoup trop au s\u00e9rieux, se d\u00e9solait-il. \u00c7a se disputait sur les films, un des r\u00e9alisateurs hurlait\u00a0: \u201cC&rsquo;est de la pornographie\u00a0!\u201d. Mon Dieu&#8230; calmez-vous, fumez un joint\u00a0! \u00bb<\/p>\n<p>Une chose est s\u00fbre, \u201cBig John\u201d n&rsquo;aime pas se prendre la t\u00eate, presque \u00e0 l&rsquo;image finalement de Snake Plissken, iconique personnage sans foi ni loi incarn\u00e9 par Kurt Russell dans New York 1997 et Los Angeles 2013. Car John Carpenter, c&rsquo;est aussi le vestige d&rsquo;un cin\u00e9ma \u201cbadass\u201d, avide de libert\u00e9, qui valorise ces marginaux\u00a0incapables de se fondre dans la masse.<\/p>\n","protected":false},"excerpt":{"rendered":"John Carpenter et Claude Lelouch. Deux r\u00e9alisateurs l\u00e9gendaires, deux monstres sacr\u00e9s du cin\u00e9ma, que tout oppose. L&rsquo;un s&rsquo;est&hellip;\n","protected":false},"author":2,"featured_media":423507,"comment_status":"","ping_status":"","sticky":false,"template":"","format":"standard","meta":{"footnotes":""},"categories":[1359],"tags":[650,1687,58,59,107,1011,27,329,4638,1757,973,273],"class_list":{"0":"post-423506","1":"post","2":"type-post","3":"status-publish","4":"format-standard","5":"has-post-thumbnail","7":"category-people","8":"tag-cinema","9":"tag-culture-loisirs","10":"tag-divertissement","11":"tag-entertainment","12":"tag-fil-info","13":"tag-fr","14":"tag-france","15":"tag-france-monde","16":"tag-haute-savoie","17":"tag-insolite","18":"tag-people","19":"tag-selection-de-la-redaction"},"share_on_mastodon":{"url":"https:\/\/pubeurope.com\/@fr\/115281427630267683","error":""},"_links":{"self":[{"href":"https:\/\/www.europesays.com\/fr\/wp-json\/wp\/v2\/posts\/423506","targetHints":{"allow":["GET"]}}],"collection":[{"href":"https:\/\/www.europesays.com\/fr\/wp-json\/wp\/v2\/posts"}],"about":[{"href":"https:\/\/www.europesays.com\/fr\/wp-json\/wp\/v2\/types\/post"}],"author":[{"embeddable":true,"href":"https:\/\/www.europesays.com\/fr\/wp-json\/wp\/v2\/users\/2"}],"replies":[{"embeddable":true,"href":"https:\/\/www.europesays.com\/fr\/wp-json\/wp\/v2\/comments?post=423506"}],"version-history":[{"count":0,"href":"https:\/\/www.europesays.com\/fr\/wp-json\/wp\/v2\/posts\/423506\/revisions"}],"wp:featuredmedia":[{"embeddable":true,"href":"https:\/\/www.europesays.com\/fr\/wp-json\/wp\/v2\/media\/423507"}],"wp:attachment":[{"href":"https:\/\/www.europesays.com\/fr\/wp-json\/wp\/v2\/media?parent=423506"}],"wp:term":[{"taxonomy":"category","embeddable":true,"href":"https:\/\/www.europesays.com\/fr\/wp-json\/wp\/v2\/categories?post=423506"},{"taxonomy":"post_tag","embeddable":true,"href":"https:\/\/www.europesays.com\/fr\/wp-json\/wp\/v2\/tags?post=423506"}],"curies":[{"name":"wp","href":"https:\/\/api.w.org\/{rel}","templated":true}]}}