{"id":423510,"date":"2025-09-28T10:23:10","date_gmt":"2025-09-28T10:23:10","guid":{"rendered":"https:\/\/www.europesays.com\/fr\/423510\/"},"modified":"2025-09-28T10:23:10","modified_gmt":"2025-09-28T10:23:10","slug":"lauteur-cambresien-nicolas-ladriere-consacre-un-nouveau-livre-a-fenelon","status":"publish","type":"post","link":"https:\/\/www.europesays.com\/fr\/423510\/","title":{"rendered":"L&rsquo;auteur cambr\u00e9sien Nicolas Ladri\u00e8re consacre un nouveau livre \u00e0 F\u00e9nelon"},"content":{"rendered":"<p>\n\t\t\t\t\t\t\t\tL&rsquo;auteur cambr\u00e9sien, Nicolas Ladri\u00e8re a \u00e9crit un nouvel ouvrage sur F\u00e9nelon, \u00ab\u00a0L&rsquo;Odyss\u00e9e du T\u00e9l\u00e9maque de F\u00e9nelon\u00a0\u00bb.\n\t\t\t\t\t\t\t<\/p>\n<p><a href=\"https:\/\/www.lobservateur.fr\/betises-cambrai-exposition-labo\/\" target=\"_blank\" rel=\"noreferrer noopener\">Apr\u00e8s les B\u00eatises, Nicolas Ladri\u00e8re<\/a><a href=\"https:\/\/www.lobservateur.fr\/betises-cambrai-exposition-labo\/\" target=\"_blank\" rel=\"noopener\"> <\/a>s&rsquo;int\u00e9resse \u00e0 un autre symbole de Cambrai : F\u00e9nelon. Archev\u00eaque de la ville d\u00e8s 1695, \u00e9crivain reconnu, son nom figure sur une place ou un lyc\u00e9e, mais qui sait vraiment qui il \u00e9tait ? C&rsquo;est pour redonner vie \u00e0 ce personnage que Nicolas Ladri\u00e8re publie la semaine prochaine \u00ab\u00a0L&rsquo;Odyss\u00e9e du T\u00e9l\u00e9maque de F\u00e9nelon\u00a0\u00bb.\u00a0<\/p>\n<p>Un livre oubli\u00e9 <\/p>\n<p>L&rsquo;ouvrage phare de F\u00e9nelon \u00ab\u00a0Les Aventures de T\u00e9l\u00e9maque\u00a0\u00bb, a marqu\u00e9 son temps. \u00ab\u00a0Il \u00e9tait un v\u00e9ritable best-seller pendant plus de deux si\u00e8cles\u00a0\u00bb, indique l&rsquo;auteur. \u00c9crit \u00e0 l&rsquo;origine pour le petit-fils de Louis XIV, le texte a connu une histoire mouvement\u00e9e. Il a \u00e9t\u00e9 vol\u00e9, interdit en France, \u00e9dit\u00e9 clandestinement en Hollande, avant d&rsquo;\u00eatre reconnu officiellement apr\u00e8s la mort de F\u00e9nelon. Tout cela est expliqu\u00e9 dans l&rsquo;ouvrage de Nicolas Ladri\u00e8re. \u00ab\u00a0C&rsquo;est un texte didactique. Je voulais le rendre accessible. J&rsquo;ai r\u00e9alis\u00e9 un livre clair, illustr\u00e9, qui replace les personnages et l&rsquo;\u00e9poque. C&rsquo;est une fa\u00e7on de r\u00e9approprier cet h\u00e9ritage cambr\u00e9sien.\u00a0\u00bb\u00a0<\/p>\n<p>Le livre \u00ab\u00a0L&rsquo;Odyss\u00e9e du T\u00e9l\u00e9maque de F\u00e9nelon\u00a0\u00bb sera disponible \u00e0 la Maison Espagnole et aupr\u00e8s de la <a href=\"https:\/\/www.emulationcambrai.fr\/\" target=\"_blank\" rel=\"noreferrer noopener\">Soci\u00e9t\u00e9 d&rsquo;\u00c9mulation de Cambrai<\/a> \u2013 qui est d&rsquo;ailleurs l&rsquo;\u00e9ditrice, comme l&rsquo;association de recherche de F\u00e9nelon.\u00a0<\/p>\n","protected":false},"excerpt":{"rendered":"L&rsquo;auteur cambr\u00e9sien, Nicolas Ladri\u00e8re a \u00e9crit un nouvel ouvrage sur F\u00e9nelon, \u00ab\u00a0L&rsquo;Odyss\u00e9e du T\u00e9l\u00e9maque de F\u00e9nelon\u00a0\u00bb. Apr\u00e8s les&hellip;\n","protected":false},"author":2,"featured_media":423511,"comment_status":"","ping_status":"","sticky":false,"template":"","format":"standard","meta":{"footnotes":""},"categories":[1357],"tags":[1379,58,59,1011,27,1380],"class_list":{"0":"post-423510","1":"post","2":"type-post","3":"status-publish","4":"format-standard","5":"has-post-thumbnail","7":"category-livres","8":"tag-books","9":"tag-divertissement","10":"tag-entertainment","11":"tag-fr","12":"tag-france","13":"tag-livres"},"share_on_mastodon":{"url":"https:\/\/pubeurope.com\/@fr\/115281435289811704","error":""},"_links":{"self":[{"href":"https:\/\/www.europesays.com\/fr\/wp-json\/wp\/v2\/posts\/423510","targetHints":{"allow":["GET"]}}],"collection":[{"href":"https:\/\/www.europesays.com\/fr\/wp-json\/wp\/v2\/posts"}],"about":[{"href":"https:\/\/www.europesays.com\/fr\/wp-json\/wp\/v2\/types\/post"}],"author":[{"embeddable":true,"href":"https:\/\/www.europesays.com\/fr\/wp-json\/wp\/v2\/users\/2"}],"replies":[{"embeddable":true,"href":"https:\/\/www.europesays.com\/fr\/wp-json\/wp\/v2\/comments?post=423510"}],"version-history":[{"count":0,"href":"https:\/\/www.europesays.com\/fr\/wp-json\/wp\/v2\/posts\/423510\/revisions"}],"wp:featuredmedia":[{"embeddable":true,"href":"https:\/\/www.europesays.com\/fr\/wp-json\/wp\/v2\/media\/423511"}],"wp:attachment":[{"href":"https:\/\/www.europesays.com\/fr\/wp-json\/wp\/v2\/media?parent=423510"}],"wp:term":[{"taxonomy":"category","embeddable":true,"href":"https:\/\/www.europesays.com\/fr\/wp-json\/wp\/v2\/categories?post=423510"},{"taxonomy":"post_tag","embeddable":true,"href":"https:\/\/www.europesays.com\/fr\/wp-json\/wp\/v2\/tags?post=423510"}],"curies":[{"name":"wp","href":"https:\/\/api.w.org\/{rel}","templated":true}]}}