{"id":423514,"date":"2025-09-28T10:25:11","date_gmt":"2025-09-28T10:25:11","guid":{"rendered":"https:\/\/www.europesays.com\/fr\/423514\/"},"modified":"2025-09-28T10:25:11","modified_gmt":"2025-09-28T10:25:11","slug":"la-mere-de-p-diddy-implore-la-justice-de-laisser-sortir-son-fils-pour-lavoir-aupres-delle-avant-de-quitter-ce-monde","status":"publish","type":"post","link":"https:\/\/www.europesays.com\/fr\/423514\/","title":{"rendered":"La m\u00e8re de P. Diddy implore la justice de laisser sortir son fils pour l\u2019avoir aupr\u00e8s d\u2019elle avant de quitter ce monde"},"content":{"rendered":"<p>Janice Combs, la m\u00e8re de <a href=\"https:\/\/www.20minutes.fr\/monde\/etats-unis\/4166847-20250806-etats-unis-avocate-p-diddy-confirme-discussions-obtenir-grace-donald-trump\" target=\"_blank\" class=\"c-link c-link--is-underlined\" rel=\"noopener\">Sean \u00ab\u00a0Diddy\u00a0\u00bb Combs<\/a>, a adress\u00e9 une lettre poignante au juge f\u00e9d\u00e9ral Arun Subramanian pour plaider en faveur d\u2019une peine cl\u00e9mente pour son fils. Le magnat de la musique, incarc\u00e9r\u00e9 depuis septembre\u00a02024 au Metropolitan Detention Center de Brooklyn, attend sa sentence, qui doit \u00eatre annonc\u00e9e le 3\u00a0octobre, apr\u00e8s avoir \u00e9t\u00e9 reconnu coupable de deux chefs d\u2019accusation li\u00e9s \u00e0 des faits de prostitution, <a href=\"https:\/\/www.20minutes.fr\/monde\/4161583-20250702-proces-p-diddy-rappeur-reconnu-non-coupable-trafic-sexuel-association-malfaiteurs\" target=\"_blank\" class=\"c-link c-link--is-underlined\" rel=\"noopener\">mais acquitt\u00e9<\/a> des charges plus graves de trafic sexuel et de racket.<\/p>\n<p>\u00ab\u00a0Le 21 d\u00e9cembre, j\u2019aurai 85 ans\u00a0\u00bb, a \u00e9crit Janice Combs dans cette missive obtenue par <a href=\"https:\/\/people.com\/diddy-mother-letter-judge-sentencing-terrible-mistakes-11815322\" rel=\"nofollow noopener\" target=\"_blank\" class=\"c-link c-link--is-underlined\">People<\/a>. \u00ab\u00a0Cette s\u00e9paration depuis un an, pendant que Sean est incarc\u00e9r\u00e9, a \u00e9t\u00e9 atrocement difficile et douloureuse pour moi et ses enfants. J\u2019aimerais passer les derni\u00e8res ann\u00e9es de ma vie avec mon fils, Sean.\u00a0\u00bb<\/p>\n<p>Une supplique qui fait partie d\u2019un dossier de demande de cl\u00e9mence d\u00e9pos\u00e9 par les avocats de la d\u00e9fense.<\/p>\n<p>Une enfance marqu\u00e9e par l\u2019absence de figures paternelles<\/p>\n<p>Dans sa lettre, Janice Combs admet que son fils \u00ab\u00a0a commis de terribles erreurs dans sa vie, ce qu\u2019il reconna\u00eet lui-m\u00eame\u00a0\u00bb. Elle \u00e9voque \u00e9galement les \u00e9preuves qui ont jalonn\u00e9 l\u2019enfance de Sean Combs, notamment la mort de son p\u00e8re quand il n\u2019avait que deux ans et celle de son oncle \u00e0 l\u2019\u00e2ge de neuf ans.<\/p>\n<p>Les avocats du fondateur de Bad Boy Records demandent une peine maximale de 14 mois, soit l\u2019\u00e9quivalent du temps d\u00e9j\u00e0 pass\u00e9 derri\u00e8re les barreaux. Le dossier comprend des dizaines de lettres de soutien, y compris de <a href=\"https:\/\/www.20minutes.fr\/arts-stars\/people\/4117229-20241023-affaire-p-diddy-enfants-star-disent-unis-derriere-pere\" target=\"_blank\" class=\"c-link c-link--is-underlined\" rel=\"noopener\">ses propres enfants<\/a>, t\u00e9moignant de l\u2019impact de cette incarc\u00e9ration sur la famille.<\/p>\n","protected":false},"excerpt":{"rendered":"Janice Combs, la m\u00e8re de Sean \u00ab\u00a0Diddy\u00a0\u00bb Combs, a adress\u00e9 une lettre poignante au juge f\u00e9d\u00e9ral Arun Subramanian&hellip;\n","protected":false},"author":2,"featured_media":423515,"comment_status":"","ping_status":"","sticky":false,"template":"","format":"standard","meta":{"footnotes":""},"categories":[1355],"tags":[58,59,1011,27,6372,5875,1361,873,16997,973,6198,133],"class_list":{"0":"post-423514","1":"post","2":"type-post","3":"status-publish","4":"format-standard","5":"has-post-thumbnail","7":"category-musique","8":"tag-divertissement","9":"tag-entertainment","10":"tag-fr","11":"tag-france","12":"tag-jugement","13":"tag-mere","14":"tag-music","15":"tag-musique","16":"tag-p-diddy","17":"tag-people","18":"tag-rappeur","19":"tag-video"},"share_on_mastodon":{"url":"https:\/\/pubeurope.com\/@fr\/115281443197339478","error":""},"_links":{"self":[{"href":"https:\/\/www.europesays.com\/fr\/wp-json\/wp\/v2\/posts\/423514","targetHints":{"allow":["GET"]}}],"collection":[{"href":"https:\/\/www.europesays.com\/fr\/wp-json\/wp\/v2\/posts"}],"about":[{"href":"https:\/\/www.europesays.com\/fr\/wp-json\/wp\/v2\/types\/post"}],"author":[{"embeddable":true,"href":"https:\/\/www.europesays.com\/fr\/wp-json\/wp\/v2\/users\/2"}],"replies":[{"embeddable":true,"href":"https:\/\/www.europesays.com\/fr\/wp-json\/wp\/v2\/comments?post=423514"}],"version-history":[{"count":0,"href":"https:\/\/www.europesays.com\/fr\/wp-json\/wp\/v2\/posts\/423514\/revisions"}],"wp:featuredmedia":[{"embeddable":true,"href":"https:\/\/www.europesays.com\/fr\/wp-json\/wp\/v2\/media\/423515"}],"wp:attachment":[{"href":"https:\/\/www.europesays.com\/fr\/wp-json\/wp\/v2\/media?parent=423514"}],"wp:term":[{"taxonomy":"category","embeddable":true,"href":"https:\/\/www.europesays.com\/fr\/wp-json\/wp\/v2\/categories?post=423514"},{"taxonomy":"post_tag","embeddable":true,"href":"https:\/\/www.europesays.com\/fr\/wp-json\/wp\/v2\/tags?post=423514"}],"curies":[{"name":"wp","href":"https:\/\/api.w.org\/{rel}","templated":true}]}}