{"id":423519,"date":"2025-09-28T10:28:11","date_gmt":"2025-09-28T10:28:11","guid":{"rendered":"https:\/\/www.europesays.com\/fr\/423519\/"},"modified":"2025-09-28T10:28:11","modified_gmt":"2025-09-28T10:28:11","slug":"julien-bernard-dans-lechappee-la-slovenie-et-la-belgique-menent-la-chasse-suivez-la-course-en-ligne-masculine","status":"publish","type":"post","link":"https:\/\/www.europesays.com\/fr\/423519\/","title":{"rendered":"Julien Bernard dans l&rsquo;\u00e9chapp\u00e9e, la Slov\u00e9nie et la Belgique m\u00e8nent la chasse&#8230; Suivez la course en ligne masculine"},"content":{"rendered":"<p>Six hommes ouvrent toujours la route avec le\u00a0Fran\u00e7ais Julien Bernard, le N\u00e9erlandais Menno Huising, le Portugais Ivo Oliveira, l&rsquo;Allemand Marius Mayrhofer, le Suisse Fabio Christen et le Danois Anders Foldager.<\/p>\n<p>A 40 secondes se trouve l&rsquo;Espagnol Raul Garcia Pierna.<\/p>\n<p>Six coureurs sont ensuite intercal\u00e9s avec notamment le Fran\u00e7ais Paul Seixas,\u00a0Fred Wright (Royaume-Uni), Victor Campenaerts (Belgique), Harold Tejada (Colombie) ou encore\u00a0Isaac del Toro (Mexique).<\/p>\n<p>Le peloton est point\u00e9 \u00e0 2&rsquo;15 de la t\u00eate de course.<\/p>\n","protected":false},"excerpt":{"rendered":"Six hommes ouvrent toujours la route avec le\u00a0Fran\u00e7ais Julien Bernard, le N\u00e9erlandais Menno Huising, le Portugais Ivo Oliveira,&hellip;\n","protected":false},"author":2,"featured_media":423520,"comment_status":"","ping_status":"","sticky":false,"template":"","format":"standard","meta":{"footnotes":""},"categories":[9],"tags":[207,107,1011,27,517,1947,60],"class_list":{"0":"post-423519","1":"post","2":"type-post","3":"status-publish","4":"format-standard","5":"has-post-thumbnail","7":"category-sports","8":"tag-cyclisme","9":"tag-fil-info","10":"tag-fr","11":"tag-france","12":"tag-sport","13":"tag-sport-national","14":"tag-sports"},"share_on_mastodon":{"url":"https:\/\/pubeurope.com\/@fr\/115281455814019977","error":""},"_links":{"self":[{"href":"https:\/\/www.europesays.com\/fr\/wp-json\/wp\/v2\/posts\/423519","targetHints":{"allow":["GET"]}}],"collection":[{"href":"https:\/\/www.europesays.com\/fr\/wp-json\/wp\/v2\/posts"}],"about":[{"href":"https:\/\/www.europesays.com\/fr\/wp-json\/wp\/v2\/types\/post"}],"author":[{"embeddable":true,"href":"https:\/\/www.europesays.com\/fr\/wp-json\/wp\/v2\/users\/2"}],"replies":[{"embeddable":true,"href":"https:\/\/www.europesays.com\/fr\/wp-json\/wp\/v2\/comments?post=423519"}],"version-history":[{"count":0,"href":"https:\/\/www.europesays.com\/fr\/wp-json\/wp\/v2\/posts\/423519\/revisions"}],"wp:featuredmedia":[{"embeddable":true,"href":"https:\/\/www.europesays.com\/fr\/wp-json\/wp\/v2\/media\/423520"}],"wp:attachment":[{"href":"https:\/\/www.europesays.com\/fr\/wp-json\/wp\/v2\/media?parent=423519"}],"wp:term":[{"taxonomy":"category","embeddable":true,"href":"https:\/\/www.europesays.com\/fr\/wp-json\/wp\/v2\/categories?post=423519"},{"taxonomy":"post_tag","embeddable":true,"href":"https:\/\/www.europesays.com\/fr\/wp-json\/wp\/v2\/tags?post=423519"}],"curies":[{"name":"wp","href":"https:\/\/api.w.org\/{rel}","templated":true}]}}