{"id":423521,"date":"2025-09-28T10:29:13","date_gmt":"2025-09-28T10:29:13","guid":{"rendered":"https:\/\/www.europesays.com\/fr\/423521\/"},"modified":"2025-09-28T10:29:13","modified_gmt":"2025-09-28T10:29:13","slug":"pour-bottega-veneta-louise-trotter-marie-le-power-dressing-a-lartisanat","status":"publish","type":"post","link":"https:\/\/www.europesays.com\/fr\/423521\/","title":{"rendered":"Pour Bottega Veneta, Louise Trotter marie le power dressing \u00e0 l\u2019artisanat"},"content":{"rendered":"<p>\u201cJe suis comme un enfant dans un magasin de bonbons\u201d, confie <strong>Louise Trotter<\/strong> \u00e0 un groupe de journalistes en coulisses. Sa nomination \u00e0 la t\u00eate de <a href=\"https:\/\/www.vogue.fr\/dossier\/bottega-veneta\" target=\"_blank\" rel=\"noopener\"><strong>Bottega Veneta<\/strong><\/a> en d\u00e9cembre dernier a fait d\u2019elle la seule femme \u00e0 d\u00e9crocher un poste de directrice de cr\u00e9ation lors du grand jeu de chaises musicales qui a agit\u00e9 la mode pendant une bonne partie de l\u2019ann\u00e9e. L\u2019arriv\u00e9e de <strong>Rachel Scott<\/strong> chez <strong>Proenza Schouler<\/strong> \u00e0 New York le mois dernier porte d\u00e9sormais ce chiffre \u00e0 deux.<\/p>\n<p><img decoding=\"async\" alt=\"Bottega Veneta printempst 2026\" loading=\"lazy\" class=\"ResponsiveImageContainer-eNxvmU cfBbTk responsive-image__image\"   src=\"https:\/\/www.europesays.com\/fr\/wp-content\/uploads\/2025\/09\/bottega%20o%20o.jpg\"\/><\/p>\n<p>Bottega Veneta printemps-\u00e9t\u00e9 2026<\/p>\n<p>Filippo Fior \/ Gorunway.com<img decoding=\"async\" alt=\"Bottega Veneta printempst 2026\" loading=\"lazy\" class=\"ResponsiveImageContainer-eNxvmU cfBbTk responsive-image__image\"   src=\"https:\/\/www.europesays.com\/fr\/wp-content\/uploads\/2025\/09\/bottega%20venata.jpg\"\/><\/p>\n<p>Bottega Veneta printemps-\u00e9t\u00e9 2026<\/p>\n<p>Filippo Fior \/ Gorunway.comL\u2019artisanat mis \u00e0 l\u2019honneur<\/p>\n<p><strong>Louise Trotter<\/strong> d\u00e9clarait r\u00e9cemment \u00e0 Vogue : \u201cJ\u2019ai envie de croire que j\u2019ai r\u00e9ussi gr\u00e2ce \u00e0 mon travail et \u00e0 ce que je suis, et pas seulement parce que je suis une femme\u201d. Ce qui est le cas, mais assister \u00e0 ses d\u00e9buts dans une grande maison avait malgr\u00e9 tout quelque chose de profond\u00e9ment valorisant pour elle : <a href=\"https:\/\/www.vogue.fr\/article\/louise-trotter-directrice-creation-bottega-veneta\" target=\"_blank\" rel=\"noopener\"><strong>Louise Trotter<\/strong><\/a> a fait ses armes \u00e0 <strong>New York<\/strong>, <strong>Londres<\/strong> et <strong>Paris<\/strong>, notamment chez <strong>Lacoste<\/strong> et <strong>Carven<\/strong>, bien plus longtemps que nombre de ses homologues masculins.<\/p>\n<p>La collection donne l\u2019impression qu\u2019elle savoure pleinement sa nouvelle position, non pas comme une enfant dans un magasin de bonbons, mais comme une adulte parfaitement consciente de la valeur de ce qu\u2019elle a entre les mains. L\u2019ADN de <strong>Bottega Veneta<\/strong>, c\u2019est l\u2019artisanat, et elle s\u2019en empare avec brio, d\u00e9voilant un manteau en intrecciato dont les tissages imitent les \u00e9cailles de serpent, une cape dramatique jusqu\u2019au sol compos\u00e9e de lani\u00e8res de cuir ultra-fines, ou encore un manteau-robe intrecciato bleu denim orn\u00e9 de plumes qui semblaient flotter sur le podium.<\/p>\n<p>Le mouvement est le fil conducteur de la collection : pans tra\u00eenants d\u2019une jupe compos\u00e9e de bandes de cuir superpos\u00e9es, franges soulignant la couture d\u2019une robe micro-pliss\u00e9e. Les pi\u00e8ces les plus spectaculaires ? Des sortes de \u201cpulls\u201d aux teintes vives (orange, rouge, bleu argent\u00e9) qui captent et renvoient la lumi\u00e8re \u00e0 chaque pas. Leur mati\u00e8re ? De la fibre de verre recycl\u00e9e. \u201c\u00c7a a le toucher de la fourrure et \u00e7a bouge comme du verre, explique <strong>Louise<\/strong> <strong>Trotter<\/strong>. Et c\u2019est taill\u00e9 et construit de fa\u00e7on \u00e0 suivre naturellement la ligne de l\u2019\u00e9paule.\u201d Les <a href=\"https:\/\/www.vogue.fr\/article\/tendances-jupes-printemps-ete-2025\" target=\"_blank\" rel=\"noopener\">jupes<\/a> r\u00e9alis\u00e9es dans ce m\u00eame mat\u00e9riau se d\u00e9clinent en d\u00e9grad\u00e9s tourbillonnants.<\/p>\n<p><img decoding=\"async\" alt=\"Bottega Veneta printempst 2026\" loading=\"lazy\" class=\"ResponsiveImageContainer-eNxvmU cfBbTk responsive-image__image\"   src=\"https:\/\/www.europesays.com\/fr\/wp-content\/uploads\/2025\/09\/bottega.jpg\"\/><\/p>\n<p>Bottega Veneta printemps-\u00e9t\u00e9 2026<\/p>\n<p>Filippo Fior \/ Gorunway.com<img decoding=\"async\" alt=\"Bottega Veneta printempst 2026\" loading=\"lazy\" class=\"ResponsiveImageContainer-eNxvmU cfBbTk responsive-image__image\"   src=\"https:\/\/www.europesays.com\/fr\/wp-content\/uploads\/2025\/09\/bottegaeee.jpg\"\/><\/p>\n<p>Bottega Veneta printemps-\u00e9t\u00e9 2026<\/p>\n<p>Filippo Fior \/ Gorunway.com<\/p>\n<p>Le tailoring de <strong>Trotter<\/strong> s\u2019impose dans des proportions spectaculaires, avec des \u00e9paules exag\u00e9r\u00e9es, des volumes amples et des pantalons si longs qu\u2019ils s&rsquo;enroulent dans les brides de chaussures. Par moments, on se dit qu&rsquo;une taille ou deux de moins aurait aff\u00fbt\u00e9 l\u2019impact. \u00c0 l\u2019inverse, des robes en soie parachute aux bretelles glissant des \u00e9paules apportent une l\u00e9g\u00e8ret\u00e9 s\u00e9duisante\u2026 Elles semblent flotter sur le corps gr\u00e2ce \u00e0 une construction int\u00e9rieure qui accentue la ligne des hanches.<\/p>\n","protected":false},"excerpt":{"rendered":"\u201cJe suis comme un enfant dans un magasin de bonbons\u201d, confie Louise Trotter \u00e0 un groupe de journalistes&hellip;\n","protected":false},"author":2,"featured_media":423522,"comment_status":"","ping_status":"","sticky":false,"template":"","format":"standard","meta":{"footnotes":""},"categories":[8],"tags":[11,30544,58,59,992,55276,1011,27,18401],"class_list":{"0":"post-423521","1":"post","2":"type-post","3":"status-publish","4":"format-standard","5":"has-post-thumbnail","7":"category-divertissement","8":"tag-actualites","9":"tag-bottega-veneta","10":"tag-divertissement","11":"tag-entertainment","12":"tag-fashion-week","13":"tag-fashion-week-milan","14":"tag-fr","15":"tag-france","16":"tag-vogue-digital"},"share_on_mastodon":{"url":"https:\/\/pubeurope.com\/@fr\/115281459616578433","error":""},"_links":{"self":[{"href":"https:\/\/www.europesays.com\/fr\/wp-json\/wp\/v2\/posts\/423521","targetHints":{"allow":["GET"]}}],"collection":[{"href":"https:\/\/www.europesays.com\/fr\/wp-json\/wp\/v2\/posts"}],"about":[{"href":"https:\/\/www.europesays.com\/fr\/wp-json\/wp\/v2\/types\/post"}],"author":[{"embeddable":true,"href":"https:\/\/www.europesays.com\/fr\/wp-json\/wp\/v2\/users\/2"}],"replies":[{"embeddable":true,"href":"https:\/\/www.europesays.com\/fr\/wp-json\/wp\/v2\/comments?post=423521"}],"version-history":[{"count":0,"href":"https:\/\/www.europesays.com\/fr\/wp-json\/wp\/v2\/posts\/423521\/revisions"}],"wp:featuredmedia":[{"embeddable":true,"href":"https:\/\/www.europesays.com\/fr\/wp-json\/wp\/v2\/media\/423522"}],"wp:attachment":[{"href":"https:\/\/www.europesays.com\/fr\/wp-json\/wp\/v2\/media?parent=423521"}],"wp:term":[{"taxonomy":"category","embeddable":true,"href":"https:\/\/www.europesays.com\/fr\/wp-json\/wp\/v2\/categories?post=423521"},{"taxonomy":"post_tag","embeddable":true,"href":"https:\/\/www.europesays.com\/fr\/wp-json\/wp\/v2\/tags?post=423521"}],"curies":[{"name":"wp","href":"https:\/\/api.w.org\/{rel}","templated":true}]}}