{"id":423532,"date":"2025-09-28T10:35:17","date_gmt":"2025-09-28T10:35:17","guid":{"rendered":"https:\/\/www.europesays.com\/fr\/423532\/"},"modified":"2025-09-28T10:35:17","modified_gmt":"2025-09-28T10:35:17","slug":"saint-etienne-6-000-participants-attendus-pour-la-sainterose-dimanche-5-octobre","status":"publish","type":"post","link":"https:\/\/www.europesays.com\/fr\/423532\/","title":{"rendered":"Saint-\u00c9tienne. 6 000 participants attendus pour la Saint\u00e9rose dimanche 5 octobre"},"content":{"rendered":"<p>Une vague rose va \u00e0 nouveau d\u00e9ferler sur la ville de Saint-\u00c9tienne ce dimanche 5\u00a0octobre \u00e0 l\u2019occasion de la septi\u00e8me \u00e9dition de la Saint\u00e9rose. Cette manifestation s\u2019inscrit dans le cadre de mobilisation contre le cancer du sein d\u2019octobre rose.<\/p>\n<p>Cet \u00e9v\u00e9nement amical et familial a pour objectif de r\u00e9colter des fonds pour financer des soins de support pour les malades du cancer, en accompagnement de leurs traitements ou dans le retour \u00e0 la vie d\u2019apr\u00e8s, mais aussi de promouvoir la pratique d\u2019une activit\u00e9 physique r\u00e9guli\u00e8re en pr\u00e9vention de ces risques de sant\u00e9.<\/p>\n<p>  Les fonds revers\u00e9s \u00e0 la Ligue contre le cancer<\/p>\n<p>Lors de l\u2019\u00e9dition 2024, <a href=\"https:\/\/www.leprogres.fr\/sante\/2024\/10\/13\/sainte-rose-5000-personnes-ont-couru-et-marche-contre-le-cancer-du-sein\" target=\"_blank\" rel=\"noopener\">plus de 5\u00a0000 personnes avaient r\u00e9pondu pr\u00e9sent<\/a> et 60\u00a0000\u00a0\u20ac avaient \u00e9t\u00e9 collect\u00e9s et revers\u00e9s \u00e0 la Ligue contre le cancer. Cette ann\u00e9e, les organisateurs visent 6\u00a0000 inscrits qui viendront s\u2019\u00e9lancer du parc Fran\u00e7ois-Mitterrand dimanche 5\u00a0octobre sur les diff\u00e9rents parcours compos\u00e9s de routes et voies vertes.<\/p>\n<p>La matin\u00e9e commencera \u00e0 10\u00a0h par la course des enfants (4-10 ans) sur des distances variant de 350 \u00e0 900\u00a0m. Ensuite \u00e0 11\u00a0heures, apr\u00e8s un \u00e9chauffement g\u00e9ant, jeunes et adultes prendront le d\u00e9part d\u2019une course qu\u2019ils pourront vivre selon leurs capacit\u00e9s, en marchant ou en courant, en allure libre. 3 parcours sont propos\u00e9s\u00a0: 8, 5 et 3\u00a0km. L\u2019inscription pr\u00e9alable est obligatoire avec un tarif de 11 \u00e0 15\u00a0\u20ac.<\/p>\n<p>Les fonds recueillis sont reverse\u0301s a\u0300 la Ligue contre le cancer Loire.<\/p>\n<p class=\"note\">Informations sur www.lasainterose.fr<\/p>\n","protected":false},"excerpt":{"rendered":"Une vague rose va \u00e0 nouveau d\u00e9ferler sur la ville de Saint-\u00c9tienne ce dimanche 5\u00a0octobre \u00e0 l\u2019occasion de&hellip;\n","protected":false},"author":2,"featured_media":423533,"comment_status":"","ping_status":"","sticky":false,"template":"","format":"standard","meta":{"footnotes":""},"categories":[9653],"tags":[1111,11,2430,7539,1777,674,1011,27,12,25,7135,4001,7538,71,104,517,1631],"class_list":{"0":"post-423532","1":"post","2":"type-post","3":"status-publish","4":"format-standard","5":"has-post-thumbnail","7":"category-saint-etienne","8":"tag-actu","9":"tag-actualites","10":"tag-auvergne-rhone-alpes","11":"tag-edition-loire-sud","12":"tag-eu","13":"tag-europe","14":"tag-fr","15":"tag-france","16":"tag-news","17":"tag-republique-francaise","18":"tag-running","19":"tag-saint-etienne","20":"tag-saint-etienne-ville","21":"tag-sante","22":"tag-societe","23":"tag-sport","24":"tag-vie-associative"},"share_on_mastodon":{"url":"https:\/\/pubeurope.com\/@fr\/115281482403665322","error":""},"_links":{"self":[{"href":"https:\/\/www.europesays.com\/fr\/wp-json\/wp\/v2\/posts\/423532","targetHints":{"allow":["GET"]}}],"collection":[{"href":"https:\/\/www.europesays.com\/fr\/wp-json\/wp\/v2\/posts"}],"about":[{"href":"https:\/\/www.europesays.com\/fr\/wp-json\/wp\/v2\/types\/post"}],"author":[{"embeddable":true,"href":"https:\/\/www.europesays.com\/fr\/wp-json\/wp\/v2\/users\/2"}],"replies":[{"embeddable":true,"href":"https:\/\/www.europesays.com\/fr\/wp-json\/wp\/v2\/comments?post=423532"}],"version-history":[{"count":0,"href":"https:\/\/www.europesays.com\/fr\/wp-json\/wp\/v2\/posts\/423532\/revisions"}],"wp:featuredmedia":[{"embeddable":true,"href":"https:\/\/www.europesays.com\/fr\/wp-json\/wp\/v2\/media\/423533"}],"wp:attachment":[{"href":"https:\/\/www.europesays.com\/fr\/wp-json\/wp\/v2\/media?parent=423532"}],"wp:term":[{"taxonomy":"category","embeddable":true,"href":"https:\/\/www.europesays.com\/fr\/wp-json\/wp\/v2\/categories?post=423532"},{"taxonomy":"post_tag","embeddable":true,"href":"https:\/\/www.europesays.com\/fr\/wp-json\/wp\/v2\/tags?post=423532"}],"curies":[{"name":"wp","href":"https:\/\/api.w.org\/{rel}","templated":true}]}}