{"id":423534,"date":"2025-09-28T10:37:12","date_gmt":"2025-09-28T10:37:12","guid":{"rendered":"https:\/\/www.europesays.com\/fr\/423534\/"},"modified":"2025-09-28T10:37:12","modified_gmt":"2025-09-28T10:37:12","slug":"saint-etienne-le-stand-up-arrive-en-force-au-pub-le-saint-patrick","status":"publish","type":"post","link":"https:\/\/www.europesays.com\/fr\/423534\/","title":{"rendered":"Saint-\u00c9tienne. Le stand up arrive en force au pub Le Saint-Patrick"},"content":{"rendered":"<p>Le stand up prend date \u00e0 Saint-\u00c9tienne. Ce lundi 29\u00a0septembre, au pub le Saint-Patrick, au 44 de la rue des Martyrs-de-Vingr\u00e9, le Carton comedy lance un nouveau rendez-vous mensuel.<\/p>\n<p>Pour le lancement du \u00ab\u00a0premier comedy club itin\u00e9rant en France\u00a0\u00bb en terre st\u00e9phanoise, cinq humoristes parmi \u00ab\u00a0la cr\u00e8me des humoristes fran\u00e7ais\u00a0\u00bb seront au rendez-vous\u00a0: Cl\u00e9ment Kersual, Violaine Henry, Alain Doumbia, Jules Robin et Martin Fonder montreront leur talent lors de deux sessions, \u00e0 19 et 21 heures. \u00ab\u00a0Chacun passera sur sc\u00e8ne de 15 \u00e0 20\u00a0minutes, pour montrer ses meilleurs passages.\u00a0\u00bb<\/p>\n<p>  \u00ab\u00a0Nous allons recr\u00e9er une ambiance digne des meilleurs comedy club de Paris\u00a0\u00bb<\/p>\n<p>D\u00e9j\u00e0 pr\u00e9sent dans plus de 70\u00a0villes fran\u00e7aises chaque mois, le Carton comedy arrive donc \u00e0 Saint-\u00c9tienne avec \u00ab\u00a0une s\u00e9lection des meilleurs humoristes \u00e9mergents de la sc\u00e8ne professionnelle de l\u2019humour fran\u00e7ais. Dans le cadre du Saint-Patrick, nous allons recr\u00e9er une ambiance digne des meilleurs comedy club de Paris et d\u2019ailleurs\u00a0\u00bb, annoncent les organisateurs d\u2019une initiative qui a fait l\u2019objet d\u2019une \u00e9mission diffus\u00e9e en prime time sur France TV.<\/p>\n<p>L\u2019entr\u00e9e est gratuite, mais la r\u00e9servation est obligatoire pour participer \u00e0 une des deux sessions de ce nouveau rendez-vous, dont la r\u00e9mun\u00e9ration des artistes se fait au chapeau.<\/p>\n","protected":false},"excerpt":{"rendered":"Le stand up prend date \u00e0 Saint-\u00c9tienne. Ce lundi 29\u00a0septembre, au pub le Saint-Patrick, au 44 de la&hellip;\n","protected":false},"author":2,"featured_media":423535,"comment_status":"","ping_status":"","sticky":false,"template":"","format":"standard","meta":{"footnotes":""},"categories":[9653],"tags":[1111,11,2430,1687,7539,1777,674,1011,27,12,25,4001,7538,3140],"class_list":{"0":"post-423534","1":"post","2":"type-post","3":"status-publish","4":"format-standard","5":"has-post-thumbnail","7":"category-saint-etienne","8":"tag-actu","9":"tag-actualites","10":"tag-auvergne-rhone-alpes","11":"tag-culture-loisirs","12":"tag-edition-loire-sud","13":"tag-eu","14":"tag-europe","15":"tag-fr","16":"tag-france","17":"tag-news","18":"tag-republique-francaise","19":"tag-saint-etienne","20":"tag-saint-etienne-ville","21":"tag-spectacle"},"share_on_mastodon":{"url":"https:\/\/pubeurope.com\/@fr\/115281490349101801","error":""},"_links":{"self":[{"href":"https:\/\/www.europesays.com\/fr\/wp-json\/wp\/v2\/posts\/423534","targetHints":{"allow":["GET"]}}],"collection":[{"href":"https:\/\/www.europesays.com\/fr\/wp-json\/wp\/v2\/posts"}],"about":[{"href":"https:\/\/www.europesays.com\/fr\/wp-json\/wp\/v2\/types\/post"}],"author":[{"embeddable":true,"href":"https:\/\/www.europesays.com\/fr\/wp-json\/wp\/v2\/users\/2"}],"replies":[{"embeddable":true,"href":"https:\/\/www.europesays.com\/fr\/wp-json\/wp\/v2\/comments?post=423534"}],"version-history":[{"count":0,"href":"https:\/\/www.europesays.com\/fr\/wp-json\/wp\/v2\/posts\/423534\/revisions"}],"wp:featuredmedia":[{"embeddable":true,"href":"https:\/\/www.europesays.com\/fr\/wp-json\/wp\/v2\/media\/423535"}],"wp:attachment":[{"href":"https:\/\/www.europesays.com\/fr\/wp-json\/wp\/v2\/media?parent=423534"}],"wp:term":[{"taxonomy":"category","embeddable":true,"href":"https:\/\/www.europesays.com\/fr\/wp-json\/wp\/v2\/categories?post=423534"},{"taxonomy":"post_tag","embeddable":true,"href":"https:\/\/www.europesays.com\/fr\/wp-json\/wp\/v2\/tags?post=423534"}],"curies":[{"name":"wp","href":"https:\/\/api.w.org\/{rel}","templated":true}]}}