{"id":423538,"date":"2025-09-28T10:39:26","date_gmt":"2025-09-28T10:39:26","guid":{"rendered":"https:\/\/www.europesays.com\/fr\/423538\/"},"modified":"2025-09-28T10:39:26","modified_gmt":"2025-09-28T10:39:26","slug":"pronostic-asvel-nancy-betclic-elite","status":"publish","type":"post","link":"https:\/\/www.europesays.com\/fr\/423538\/","title":{"rendered":"Pronostic ASVEL Nancy &#8211; Betclic Elite"},"content":{"rendered":"<p class=\"text-xs leading-5 text-gray-400 mb-2\">\n                        Publi\u00e9 le 27\/09\/2025 11:51<br \/>\n                        \u00a0par<br \/>\n                                                            <a href=\"https:\/\/www.sportytrader.com\/auteur\/baptiste-couturiaux-3\/\" rel=\"nofollow noopener\" target=\"_blank\">Baptiste Couturiaux<\/a><\/p>\n<p>                                                    |<br \/>\n                            Modifi\u00e9 le<br \/>\n                                27\/09\/2025<br \/>\n                                \u00e0 11:52<\/p>\n<p>                                                                                                            dans<br \/>\n                                <a data-trans=\"tips.published.competition %competition%\" href=\"https:\/\/www.sportytrader.com\/pronostics\/basket\/france\/lnb-308\/\" rel=\"nofollow noopener\" target=\"_blank\"><br \/>\n                                    Pronostic Betclic Elite<br \/>\n                                <\/a><\/p>\n<p>La troisi\u00e8me roue du wagon, l\u2019\u00e9quipe qui attend de retrouver sa gloire d\u2019antan en Betclic Elite retrouve les parquets ce dimanche soir. On parle bien \u00e9videmment de l\u2019ASVEL qui re\u00e7oit Nancy \u00e0 la LDLC Arena. Aucun faux-pas ne sera autoris\u00e9 pour le groupe entra\u00een\u00e9 par Pierric Poupet car le r\u00e9sultat des pr\u00e9c\u00e9dents duels est largement en faveur des locaux : 11 victoires cons\u00e9cutives et une invincibilit\u00e9 qui dure depuis 11 ans. Autant vous dire que les Rhodaniens comptent aggraver ce r\u00e9sultat en s\u2019imposant \u00e0 l\u2019issue des 40 minutes. Auteurs d\u2019un match convaincant contre Dijon, les Lyonnais peuvent entamer cette saison avec confiance et l\u2019obtention d\u2019une premi\u00e8re victoire importante.<\/p>\n<p>Nancy a termin\u00e9 l\u2019exercice pr\u00e9c\u00e9dent \u00e0 la neuvi\u00e8me place. Un \u00e9cart de niveau assez \u00e9vident entre les deux formations. Le SLUC est inf\u00e9rieur sur le papier et les derniers r\u00e9sultats ne parlent pas pour la formation nanc\u00e9ienne : 4 revers en 5 rencontres, dont le dernier face \u00e0 Saint-Quentin pour une place en playoffs. Il faut esp\u00e9rer que Sylvain Lauti\u00e9 et ses hommes haussent le ton d\u00e9fensivement d\u00e8s la reprise sinon le premier week-end de championnat va commencer de la pire des fa\u00e7ons. Malheureusement, les derniers d\u00e9placements en Betclic Elite restent inqui\u00e9tants\u2026\u00a0<\/p>\n","protected":false},"excerpt":{"rendered":"Publi\u00e9 le 27\/09\/2025 11:51 \u00a0par Baptiste Couturiaux | Modifi\u00e9 le 27\/09\/2025 \u00e0 11:52 dans Pronostic Betclic Elite La&hellip;\n","protected":false},"author":2,"featured_media":423539,"comment_status":"","ping_status":"","sticky":false,"template":"","format":"standard","meta":{"footnotes":""},"categories":[9635],"tags":[1111,11,2190,3146,1777,674,1011,27,775,1702,12,1817,1821,25],"class_list":{"0":"post-423538","1":"post","2":"type-post","3":"status-publish","4":"format-standard","5":"has-post-thumbnail","7":"category-nancy","8":"tag-actu","9":"tag-actualites","10":"tag-asvel","11":"tag-betclic-elite","12":"tag-eu","13":"tag-europe","14":"tag-fr","15":"tag-france","16":"tag-grand-est","17":"tag-nancy","18":"tag-news","19":"tag-pronostic","20":"tag-pronostics","21":"tag-republique-francaise"},"share_on_mastodon":{"url":"https:\/\/pubeurope.com\/@fr\/115281498191021667","error":""},"_links":{"self":[{"href":"https:\/\/www.europesays.com\/fr\/wp-json\/wp\/v2\/posts\/423538","targetHints":{"allow":["GET"]}}],"collection":[{"href":"https:\/\/www.europesays.com\/fr\/wp-json\/wp\/v2\/posts"}],"about":[{"href":"https:\/\/www.europesays.com\/fr\/wp-json\/wp\/v2\/types\/post"}],"author":[{"embeddable":true,"href":"https:\/\/www.europesays.com\/fr\/wp-json\/wp\/v2\/users\/2"}],"replies":[{"embeddable":true,"href":"https:\/\/www.europesays.com\/fr\/wp-json\/wp\/v2\/comments?post=423538"}],"version-history":[{"count":0,"href":"https:\/\/www.europesays.com\/fr\/wp-json\/wp\/v2\/posts\/423538\/revisions"}],"wp:featuredmedia":[{"embeddable":true,"href":"https:\/\/www.europesays.com\/fr\/wp-json\/wp\/v2\/media\/423539"}],"wp:attachment":[{"href":"https:\/\/www.europesays.com\/fr\/wp-json\/wp\/v2\/media?parent=423538"}],"wp:term":[{"taxonomy":"category","embeddable":true,"href":"https:\/\/www.europesays.com\/fr\/wp-json\/wp\/v2\/categories?post=423538"},{"taxonomy":"post_tag","embeddable":true,"href":"https:\/\/www.europesays.com\/fr\/wp-json\/wp\/v2\/tags?post=423538"}],"curies":[{"name":"wp","href":"https:\/\/api.w.org\/{rel}","templated":true}]}}