{"id":423542,"date":"2025-09-28T10:41:14","date_gmt":"2025-09-28T10:41:14","guid":{"rendered":"https:\/\/www.europesays.com\/fr\/423542\/"},"modified":"2025-09-28T10:41:14","modified_gmt":"2025-09-28T10:41:14","slug":"bayonne-toulon-les-compositions-officielles","status":"publish","type":"post","link":"https:\/\/www.europesays.com\/fr\/423542\/","title":{"rendered":"Bayonne-Toulon : Les compositions officielles"},"content":{"rendered":"<p style=\"text-align: justify;\"><strong>L\u2019Aviron Bayonnais affronte le RC Toulon dans le cadre de la 4\u00e8me journ\u00e9e de Top 14. Retrouvez les compositions des deux \u00e9quipes.<\/strong><\/p>\n<p style=\"text-align: justify;\">Le <strong>RC<\/strong> <strong>Toulon<\/strong> retrouve les terrains 15 jours apr\u00e8s son dernier match, puisque la rencontre face au <strong>Stade<\/strong> <strong>Rochelais,<\/strong> pr\u00e9vue dimanche dernier, a \u00e9t\u00e9 report\u00e9e. Les Basques sont eux lourdement tomb\u00e9s la semaine pass\u00e9e sur la pelouse de Castres, apr\u00e8s avoir remport\u00e9 leurs deux premiers matchs.<\/p>\n<p>Baptiste Serin sur le banc<\/p>\n<p style=\"text-align: justify;\">\u00c0 la maison, l\u2019<strong>Aviron Bayonnais<\/strong> veut rester invaincu et aligne l\u2019\u00e9quipe type avec notamment sa paire de centres compos\u00e9e de <strong>Manu<\/strong> <strong>Tuilagi<\/strong> et <strong>Sireli<\/strong> <strong>Maqala<\/strong>. <strong>Alexandre<\/strong> <strong>Fischer<\/strong> est titularis\u00e9 en troisi\u00e8me ligne alors qu\u2019<strong>Arthur<\/strong> <strong>Iturria<\/strong> sera dans la cage et aura aussi le brassard de capitaine.<\/p>\n<p style=\"text-align: justify;\">Du c\u00f4t\u00e9 de Toulon, <strong>Baptiste Serin<\/strong> sera sur le banc de touche puisque <strong>Ben<\/strong> <strong>White<\/strong> est titularis\u00e9 aux c\u00f4t\u00e9s de <strong>Paulo<\/strong> <strong>Garbisi<\/strong>. <strong>Melvyn<\/strong> <strong>Jaminet<\/strong> d\u00e9bute \u00e0 l\u2019arri\u00e8re avec <strong>Antoine<\/strong> <strong>Frisch<\/strong> au centre du terrain pour accompagner <strong>Juan Ignacio Brex<\/strong>. <strong>Zach<\/strong> <strong>Mercer<\/strong> est titularis\u00e9 au poste de troisi\u00e8me ligne centre.<\/p>\n<p>Les compositions de Bayonne \u2013 Toulon<br \/>\nLa composition de Bayonne<\/p>\n<p style=\"text-align: justify;\"><strong>XV de d\u00e9part : <\/strong>15. Tiberghien ; 14. Spring, 13. Maqala, 12.Tuilagi, 11. Erbinartegaray ; 10. Segonds, 9. Jantjies ; 7. Capilla, 8. Bruni, 6. Fischer ; 5. Moon, 4. Iturria (cap.) ; 3. Setiano, 2. Martin, 1. Bordelai.<\/p>\n<p style=\"text-align: justify;\"><strong>Les rempla\u00e7ants : <\/strong>16. Bosch, 17. Castillon, 18. Johnson, 19. Chouzenoux, 20. Germain, 21. Martocq, 22. Orab\u00e9, 23. Cotet.<\/p>\n<p>La composition de Toulon<\/p>\n<p style=\"text-align: justify;\"><strong>XV de d\u00e9part : <\/strong>15. Jaminet ; 14. Dr\u00e9an, 13. Brex, 12. Frisch, 11. Tuicuvu ; 10. Garbisi, 9. White ; 7. Abadie, 8. Mercer, 6. Ludlam ; 5. Ribbans (cap.), 4. Alainu\u2019uese ; 3. Gigashvili, 2. Baubigny, 1. D. Brennan.<\/p>\n<p>\n<a href=\"https:\/\/dicodusport.fr\/blog\/offres\/abonnements-sans-pub\/\" target=\"_blank\" rel=\"noopener\"><img loading=\"lazy\" decoding=\"async\" class=\"alignnone size-full wp-image-501284 perfmatters-lazy\" alt=\"\" width=\"1200\" height=\"200\" src=\"https:\/\/www.europesays.com\/fr\/wp-content\/uploads\/2025\/04\/Abonnements-sans-pubs-Dicodusport.png\"\/><\/a><\/p>\n<p style=\"text-align: justify;\"><strong>Les rempla\u00e7ants : <\/strong>16. Damond, 17. Gros, 18. Rebbadj, 19. Qu\u00e9r\u00e9-Karaba, 20. Domon, 21. Serin, 22. Nonu, 23. Priso.<\/p>\n<p>Les cotes de Bayonne \u2013 Toulon<\/p>\n<tr style=\"height: 16px;\">\n<td style=\"background-color: #404040; text-align: left; border-color: #ededed; width: 500px;\" colspan=\"3\">Dimanche 28 septembre 2025, 21h05<\/td>\n<\/tr>\n<tr style=\"height: 24px;\">\n<td style=\"background-color: #ffffff; border-color: #ededed; vertical-align: middle; text-align: center; width: 266px;\"><b>Bayonne<br \/><\/b><a href=\"https:\/\/www.winamax.fr\/paris-sportifs\/match\/62109124?banid=33423\" class=\"su-button su-button-style-flat su-button-wide\" style=\"color:#fff;background-color:#000;border-color:#000000;border-radius:5px\" target=\"_blank\" rel=\"noopener noreferrer\"> 1.35<\/a><\/td>\n<td style=\"background-color: #ffffff; border-color: #ededed; vertical-align: middle; text-align: center; width: 266px;\"><strong>Match nul<\/strong><br \/><a href=\"https:\/\/www.winamax.fr\/paris-sportifs\/match\/62109124?banid=33423\" class=\"su-button su-button-style-flat su-button-wide\" style=\"color:#fff;background-color:#000;border-color:#000000;border-radius:5px\" target=\"_blank\" rel=\"noopener noreferrer\"> 20<\/a><\/td>\n<td style=\"background-color: #ffffff; border-color: #ededed; vertical-align: middle; text-align: center; width: 266px;\"><b>Toulon<\/b><br \/><a href=\"https:\/\/www.winamax.fr\/paris-sportifs\/match\/62109124?banid=33423\" class=\"su-button su-button-style-flat su-button-wide\" style=\"color:#fff;background-color:#000;border-color:#000000;border-radius:5px\" target=\"_blank\" rel=\"noopener noreferrer\"> 3.00<\/a><\/td>\n<\/tr>\n<p style=\"text-align: justify;\">Tentez votre chance en profitant de votre <a href=\"https:\/\/www.winamax.fr\/registration\/landing\/affiliation_Bonus100?banid=33423\" target=\"_blank\" rel=\"noopener\">1er d\u00e9p\u00f4t doubl\u00e9 jusqu\u2019\u00e0 100 \u20ac<\/a> direct en paris gratuits sur Winamax !<\/p>\n","protected":false},"excerpt":{"rendered":"L\u2019Aviron Bayonnais affronte le RC Toulon dans le cadre de la 4\u00e8me journ\u00e9e de Top 14. Retrouvez les&hellip;\n","protected":false},"author":2,"featured_media":423543,"comment_status":"","ping_status":"","sticky":false,"template":"","format":"standard","meta":{"footnotes":""},"categories":[9619],"tags":[1111,11,9202,2113,1777,674,1011,27,12,882,25,478,2310],"class_list":{"0":"post-423542","1":"post","2":"type-post","3":"status-publish","4":"format-standard","5":"has-post-thumbnail","7":"category-toulon","8":"tag-actu","9":"tag-actualites","10":"tag-bayonne","11":"tag-breve","12":"tag-eu","13":"tag-europe","14":"tag-fr","15":"tag-france","16":"tag-news","17":"tag-provence-alpes-cote-dazur","18":"tag-republique-francaise","19":"tag-top-14","20":"tag-toulon"},"share_on_mastodon":{"url":"https:\/\/pubeurope.com\/@fr\/115281506546203486","error":""},"_links":{"self":[{"href":"https:\/\/www.europesays.com\/fr\/wp-json\/wp\/v2\/posts\/423542","targetHints":{"allow":["GET"]}}],"collection":[{"href":"https:\/\/www.europesays.com\/fr\/wp-json\/wp\/v2\/posts"}],"about":[{"href":"https:\/\/www.europesays.com\/fr\/wp-json\/wp\/v2\/types\/post"}],"author":[{"embeddable":true,"href":"https:\/\/www.europesays.com\/fr\/wp-json\/wp\/v2\/users\/2"}],"replies":[{"embeddable":true,"href":"https:\/\/www.europesays.com\/fr\/wp-json\/wp\/v2\/comments?post=423542"}],"version-history":[{"count":0,"href":"https:\/\/www.europesays.com\/fr\/wp-json\/wp\/v2\/posts\/423542\/revisions"}],"wp:featuredmedia":[{"embeddable":true,"href":"https:\/\/www.europesays.com\/fr\/wp-json\/wp\/v2\/media\/423543"}],"wp:attachment":[{"href":"https:\/\/www.europesays.com\/fr\/wp-json\/wp\/v2\/media?parent=423542"}],"wp:term":[{"taxonomy":"category","embeddable":true,"href":"https:\/\/www.europesays.com\/fr\/wp-json\/wp\/v2\/categories?post=423542"},{"taxonomy":"post_tag","embeddable":true,"href":"https:\/\/www.europesays.com\/fr\/wp-json\/wp\/v2\/tags?post=423542"}],"curies":[{"name":"wp","href":"https:\/\/api.w.org\/{rel}","templated":true}]}}