{"id":423548,"date":"2025-09-28T10:44:09","date_gmt":"2025-09-28T10:44:09","guid":{"rendered":"https:\/\/www.europesays.com\/fr\/423548\/"},"modified":"2025-09-28T10:44:09","modified_gmt":"2025-09-28T10:44:09","slug":"voici-lenseigne-qui-va-remplacer-le-chalet-ferme-depuis-deux-ans-au-centre-saint-sever-de-rouen","status":"publish","type":"post","link":"https:\/\/www.europesays.com\/fr\/423548\/","title":{"rendered":"Voici l&rsquo;enseigne qui va remplacer Le Chalet, ferm\u00e9 depuis deux ans, au centre Saint-Sever de Rouen"},"content":{"rendered":"<p>            Par<br \/>\n        <strong><br \/>\n            <a href=\"https:\/\/actu.fr\/auteur\/fmass\" title=\"Consulter tous les articles de Fabien Massin\" target=\"_blank\" rel=\"noopener\">Fabien Massin<\/a><br \/>\n        <\/strong><\/p>\n<p>        Publi\u00e9 le<\/p>\n<p>            28 sept. 2025 \u00e0 11h58<br \/>\n        ; mis \u00e0 jour le 28 sept. 2025 \u00e0 12h01    <\/p>\n<p>C\u2019est annonc\u00e9, la case laiss\u00e9e vide par la <a href=\"https:\/\/actu.fr\/normandie\/rouen_76540\/rouen-le-chalet-institution-a-saint-sever-ferme-brutalement_59931075.html\" target=\"_blank\" rel=\"noopener\">fermeture du Chalet<\/a>, au centre commercial Saint-Sever \u00e0 <a href=\"https:\/\/actu.fr\/normandie\/rouen_76540\" target=\"_blank\" rel=\"noopener\">Rouen (Seine-Maritime)<\/a> a trouv\u00e9 un successeur. Il s\u2019agit de l\u2019\u00e9quipementier sportif Adidas, qui a d\u00e9voil\u00e9 sa palissade vendredi 26\u00a0septembre 2025.<\/p>\n<p class=\" wall-content\">\u00ab<strong>\u2009La boutique ouvrira \u00e0 la mi-novembre <\/strong>\u00bb, informe Audrey Anne, directrice du centre Saint-Sever. \u00ab Tout a \u00e9t\u00e9 refait \u00e0 l\u2019int\u00e9rieur. La boutique sera ouverte sur le centre et apportera de la lumi\u00e8re.\u2009\u00bb Surface de la boutique\u2009: 350 m\u00e8tres carr\u00e9s.<\/p>\n<p>Un restaurant pr\u00e9sent depuis les ann\u00e9es 1980<\/p>\n<p class=\" wall-content\">Le Chalet \u00e9tait pr\u00e9sent depuis les ann\u00e9es 1980. En difficult\u00e9, le restaurant a fait l\u2019objet d\u2019un redressement puis d\u2019une liquidation judiciaire \u00e0 l\u2019\u00e9t\u00e9 2023.<\/p>\n<p class=\" wall-content\">Pour Adidas, il s\u2019agit d\u2019un retour \u00e0 Rouen, <a href=\"https:\/\/actu.fr\/normandie\/le-havre_76351\/au-havre-et-a-rouen-les-boutiques-adidas-liquident-le-stock-avant-fermeture_59735903.html\" target=\"_blank\" rel=\"noopener\">deux ans pr\u00e8s la fermeture du magasin au Docks 76<\/a>.<\/p>\n<p>Suivez l\u2019actualit\u00e9 de Rouen sur notre <a href=\"https:\/\/www.whatsapp.com\/channel\/0029VaKfnf99hXF2ddApFB1D\" target=\"_blank\" rel=\"noopener\">cha\u00eene WhatsApp<\/a> et sur notre <a href=\"https:\/\/www.tiktok.com\/@76actu.fr?lang=fr\" target=\"_blank\" rel=\"noopener\">compte TikTok<\/a><\/p>\n<p class=\" wall-content\">Personnalisez votre actualit\u00e9 en ajoutant vos villes et m\u00e9dias en favori avec <a href=\"https:\/\/moncompte.actu.fr\" title=\"D\u00e9couvez Mon Actu\" rel=\"nofollow noopener\" data-trk=\"{&quot;cta&quot;:{&quot;action&quot;:&quot;https:\\\/\\\/moncompte.actu.fr&quot;,&quot;category&quot;:&quot;mon compte&quot;,&quot;from&quot;:&quot;article footer&quot;,&quot;name&quot;:&quot;Mon actu&quot;,&quot;type&quot;:&quot;cta&quot;}}\" target=\"_blank\">Mon Actu<\/a>.<\/p>\n<p>                    <script async src=\"\/\/www.tiktok.com\/embed.js\"><\/script><\/p>\n","protected":false},"excerpt":{"rendered":"Par Fabien Massin Publi\u00e9 le 28 sept. 2025 \u00e0 11h58 ; mis \u00e0 jour le 28 sept. 2025&hellip;\n","protected":false},"author":2,"featured_media":423549,"comment_status":"","ping_status":"","sticky":false,"template":"","format":"standard","meta":{"footnotes":""},"categories":[9587],"tags":[1111,11,22353,1777,674,1011,27,1652,12,5161,3147,25,9590],"class_list":{"0":"post-423548","1":"post","2":"type-post","3":"status-publish","4":"format-standard","5":"has-post-thumbnail","7":"category-rouen","8":"tag-actu","9":"tag-actualites","10":"tag-centre-commercial-saint-sever","11":"tag-eu","12":"tag-europe","13":"tag-fr","14":"tag-france","15":"tag-loisirs-culture","16":"tag-news","17":"tag-normandie","18":"tag-nouveaux-commerces","19":"tag-republique-francaise","20":"tag-rouen"},"share_on_mastodon":{"url":"https:\/\/pubeurope.com\/@fr\/115281517989686233","error":""},"_links":{"self":[{"href":"https:\/\/www.europesays.com\/fr\/wp-json\/wp\/v2\/posts\/423548","targetHints":{"allow":["GET"]}}],"collection":[{"href":"https:\/\/www.europesays.com\/fr\/wp-json\/wp\/v2\/posts"}],"about":[{"href":"https:\/\/www.europesays.com\/fr\/wp-json\/wp\/v2\/types\/post"}],"author":[{"embeddable":true,"href":"https:\/\/www.europesays.com\/fr\/wp-json\/wp\/v2\/users\/2"}],"replies":[{"embeddable":true,"href":"https:\/\/www.europesays.com\/fr\/wp-json\/wp\/v2\/comments?post=423548"}],"version-history":[{"count":0,"href":"https:\/\/www.europesays.com\/fr\/wp-json\/wp\/v2\/posts\/423548\/revisions"}],"wp:featuredmedia":[{"embeddable":true,"href":"https:\/\/www.europesays.com\/fr\/wp-json\/wp\/v2\/media\/423549"}],"wp:attachment":[{"href":"https:\/\/www.europesays.com\/fr\/wp-json\/wp\/v2\/media?parent=423548"}],"wp:term":[{"taxonomy":"category","embeddable":true,"href":"https:\/\/www.europesays.com\/fr\/wp-json\/wp\/v2\/categories?post=423548"},{"taxonomy":"post_tag","embeddable":true,"href":"https:\/\/www.europesays.com\/fr\/wp-json\/wp\/v2\/tags?post=423548"}],"curies":[{"name":"wp","href":"https:\/\/api.w.org\/{rel}","templated":true}]}}