{"id":423550,"date":"2025-09-28T10:45:18","date_gmt":"2025-09-28T10:45:18","guid":{"rendered":"https:\/\/www.europesays.com\/fr\/423550\/"},"modified":"2025-09-28T10:45:18","modified_gmt":"2025-09-28T10:45:18","slug":"lincroyable-parcours-de-louis-mangeon","status":"publish","type":"post","link":"https:\/\/www.europesays.com\/fr\/423550\/","title":{"rendered":"l&rsquo;incroyable parcours de Louis Mangeon"},"content":{"rendered":"<p>            Par<br \/>\n        <strong><br \/>\n            <a href=\"https:\/\/actu.fr\/auteur\/laredaction\" title=\"Consulter tous les articles de R\u00e9daction Normandie\" rel=\"nofollow noopener\" target=\"_blank\">R\u00e9daction Normandie<\/a><br \/>\n        <\/strong><\/p>\n<p>        Publi\u00e9 le<\/p>\n<p>            28 sept. 2025 \u00e0 11h18<br \/>\n        ; mis \u00e0 jour le 28 sept. 2025 \u00e0 11h32    <\/p>\n<p>De petit prodige au Mont-Saint-Aignan Tennis, \u00e0 Champion international UNSS Tennis \u00e0 l\u2019Institut Rey, \u00e0 <a href=\"https:\/\/actu.fr\/normandie\/bois-guillaume_76108\" rel=\"nofollow noopener\" target=\"_blank\">Bois-Guillaume (Seine-Maritime)<\/a>, <strong>Louis Mangeon<\/strong> est originaire de Belbeuf. Parti aux <strong>\u00c9tats-Unis il y a six ans<\/strong>, devenu le meilleur tennisman universitaire de la C\u00f4te Est lors de sa quatri\u00e8me ann\u00e9e, puis toujours dans le Top\u00a03 les ann\u00e9es suivantes, Louis Mangeon vient de <strong>d\u00e9crocher son Master<\/strong>. Et pas n\u2019importe comment puisque son universit\u00e9 de Washington l\u2019a d\u00e9clar\u00e9 \u00ab\u2009Meilleur \u00e9tudiant au sein de l\u2019UDC School of Business and Publique\u2009\u00bb. Il a aussi obtenu le\u2009\u00ab Prix du meilleur athl\u00e8te boursier ITA Conf\u00e9rence Est \u00bb, pour des r\u00e9sultats scolaires exceptionnels. Rencontre<\/p>\n<p>Ravi de sa carri\u00e8re d\u2019\u00e9tudiant-sportif<\/p>\n<p class=\" wall-content\">\u00ab\u2009Pour moi, <strong>c\u2019est une vraie r\u00e9ussite<\/strong>. Dans ton CV, \u00e7a marque\u2009!. Surtout que j\u2019\u00e9tais en \u00e9quivalent sport-\u00e9tude. Je suis vraiment tr\u00e8s content de ma carri\u00e8re d\u2019\u00e9tudiant-sportif\u2009\u00bb, confie Louis Mangeon.<\/p>\n<p>    <img   decoding=\"async\" loading=\"lazy\" class=\"size-large\" src=\"https:\/\/www.europesays.com\/fr\/wp-content\/uploads\/2025\/09\/b4ce1301e7c86c8ce1301e7c8bcce1v-768x640.jpg\" alt=\"Belbeuf Louis Mangeon\" width=\"768\" height=\"640\"\/><br \/>\n    Louis Mangeon a \u00e9t\u00e9 d\u00e9clar\u00e9 Meilleur \u00e9tudiant au sein de l\u2019UDC School of Business and Publique. \u00a9Le Bulletin<\/p>\n<p class=\" wall-content\">Le Normand vit d\u00e9sormais dans son appartement <strong>au c\u0153ur de la capitale am\u00e9ricaine<\/strong> et sa passion pour le sport continue. \u00ab\u2009Je joue moins au tennis, car je n\u2019ai plus r\u00e9ellement d\u2019objectif sportif. Par contre, je me suis lanc\u00e9 dans le Padel. J\u2019y joue tous les jours, et je suis inscrit dans la ligue am\u00e9ricaine. J\u2019ai encore une progression \u00e9norme \u00e0 faire, mais cela me pla\u00eet beaucoup\u2009\u00bb, indique Louis Mangeon.<\/p>\n<p>Le destin lui a souri apr\u00e8s ses \u00e9tudes<\/p>\n<p class=\" wall-content\">Apr\u00e8s ses belles \u00e9tudes, Louis Mangeon, qui voulait rester dans le milieu du sport, a d\u00fb trouver <strong>un emploi<\/strong>. Et l\u00e0 encore, le destin lui a souri.<\/p>\n<p>    <img   decoding=\"async\" loading=\"lazy\" class=\"size-large\" src=\"https:\/\/www.europesays.com\/fr\/wp-content\/uploads\/2025\/09\/de261301e7c8613361301e7c8f6361v-768x640.jpg\" alt=\"Belbeuf Louis Mangeon\" width=\"768\" height=\"640\"\/><br \/>\n    Le Belbeuvien a \u00e9t\u00e9 embauch\u00e9 par le Rouennais Alexis Baguelin au sein de l\u2019acad\u00e9mie Central College Placement Specialist. \u00a9Le Bulletin<\/p>\n<p class=\" wall-content\">\u00ab\u2009Je travaille pour l<strong>\u2019acad\u00e9mie de tennis<\/strong>, Central College Placement Specialist g\u00e9r\u00e9 par le Rouennais Alexis Baguelin. J\u2019ai plusieurs fonctions. <strong>Je recrute des joueuses et joueurs<\/strong> partout dans le monde pour les faire venir aux USA, afin de les int\u00e9grer dans les universit\u00e9s comme je l\u2019ai fait. \u00bb<\/p>\n<p>Un pont entre la Normandie et les \u00c9tats-Unis<\/p>\n<p class=\" wall-content\">\u00ab Ils viennent de la plan\u00e8te enti\u00e8re, mais de mon c\u00f4t\u00e9, je le fais venir majoritairement de France, voire de Normandie, car j\u2019ai les r\u00e9seaux. Nous montons un pont entre la Normandie et les \u00c9tats-Unis\u2009\u00bb, explique le Belbeuvien, qui les recrute, monte le dossier avec des vid\u00e9os, des tests d\u2019anglais, <strong>facilite leurs d\u00e9marches<\/strong> administratives, n\u00e9gocie avec les coachs am\u00e9ricains, et \u00e9galement les aide pour d\u00e9crocher une bourse.<\/p>\n<p>Votre r\u00e9gion, votre actu !<\/p>\n<p>Recevez chaque jour les infos qui comptent pour vous.<\/p>\n<p>\t<a href=\"https:\/\/actu.fr\/newsletter\" class=\"ac-btn ac-btn--corner ac-btn--medium ac-btn--blue800\" rel=\"nofollow noopener\" target=\"_blank\">S&rsquo;incrire<\/a><\/p>\n<blockquote class=\"ac-article-quote wall-content\">\n<p>Dans les mois qui viennent, il faut que je d\u00e9croche ma carte verte pour pouvoir rester aux USA. Pour le moment, j\u2019ai un OPT (Optional Practical Training, contrat de travail) d\u2019un an.<\/p>\n<p>Louis Mangeon<\/p><\/blockquote>\n<p class=\" wall-content\">\u00ab\u2009Je m\u2019occupe aussi <strong>des r\u00e9seaux sociaux<\/strong> de l\u2019acad\u00e9mie, de r\u00e9aliser des podcasts et d\u2019organiser des tournois aux alentours de Washington. En plus, je suis coach de tennis pour les enfants de l\u2019\u00e9cole fran\u00e7aise de Rochambeau. Dans les mois qui viennent, il faut que je d\u00e9croche ma carte verte pour pouvoir rester aux USA. Pour le moment, j\u2019ai un OPT (Optional Practical Training, contrat de travail) d\u2019un an\u2009\u00bb, poursuit Louis Mangeon, qui remarque que cela est plus long \u00e0 obtenir depuis que<strong> l\u2019administration Trump<\/strong> est en place\u2009: \u00ab\u2009mais comme Fran\u00e7ais, nous avons une bonne image\u2009\u00bb, remarque-t-il. Ce qui est certain, c\u2019est que le Frenchie n\u2019a pas l\u2019intention de refaire la travers\u00e9e de l\u2019Atlantique.<\/p>\n<p>Suivez l\u2019actualit\u00e9 de Rouen sur notre <a href=\"https:\/\/www.whatsapp.com\/channel\/0029VaKfnf99hXF2ddApFB1D\" rel=\"nofollow noopener\" target=\"_blank\">cha\u00eene WhatsApp<\/a> et sur notre <a href=\"https:\/\/www.tiktok.com\/@76actu.fr?lang=fr\" rel=\"nofollow noopener\" target=\"_blank\">compte TikTok<\/a><\/p>\n<p class=\" wall-content\">Personnalisez votre actualit\u00e9 en ajoutant vos villes et m\u00e9dias en favori avec <a href=\"https:\/\/moncompte.actu.fr\" title=\"D\u00e9couvez Mon Actu\" rel=\"nofollow noopener\" data-trk=\"{&quot;cta&quot;:{&quot;action&quot;:&quot;https:\\\/\\\/moncompte.actu.fr&quot;,&quot;category&quot;:&quot;mon compte&quot;,&quot;from&quot;:&quot;article footer&quot;,&quot;name&quot;:&quot;Mon actu&quot;,&quot;type&quot;:&quot;cta&quot;}}\" target=\"_blank\">Mon Actu<\/a>.<\/p>\n<p>                    <script async src=\"\/\/www.tiktok.com\/embed.js\"><\/script><\/p>\n","protected":false},"excerpt":{"rendered":"Par R\u00e9daction Normandie Publi\u00e9 le 28 sept. 2025 \u00e0 11h18 ; mis \u00e0 jour le 28 sept. 2025&hellip;\n","protected":false},"author":2,"featured_media":423551,"comment_status":"","ping_status":"","sticky":false,"template":"","format":"standard","meta":{"footnotes":""},"categories":[9587],"tags":[1111,11,1777,674,1011,27,12,5161,25,9590,60],"class_list":{"0":"post-423550","1":"post","2":"type-post","3":"status-publish","4":"format-standard","5":"has-post-thumbnail","7":"category-rouen","8":"tag-actu","9":"tag-actualites","10":"tag-eu","11":"tag-europe","12":"tag-fr","13":"tag-france","14":"tag-news","15":"tag-normandie","16":"tag-republique-francaise","17":"tag-rouen","18":"tag-sports"},"share_on_mastodon":{"url":"https:\/\/pubeurope.com\/@fr\/115281522105487842","error":""},"_links":{"self":[{"href":"https:\/\/www.europesays.com\/fr\/wp-json\/wp\/v2\/posts\/423550","targetHints":{"allow":["GET"]}}],"collection":[{"href":"https:\/\/www.europesays.com\/fr\/wp-json\/wp\/v2\/posts"}],"about":[{"href":"https:\/\/www.europesays.com\/fr\/wp-json\/wp\/v2\/types\/post"}],"author":[{"embeddable":true,"href":"https:\/\/www.europesays.com\/fr\/wp-json\/wp\/v2\/users\/2"}],"replies":[{"embeddable":true,"href":"https:\/\/www.europesays.com\/fr\/wp-json\/wp\/v2\/comments?post=423550"}],"version-history":[{"count":0,"href":"https:\/\/www.europesays.com\/fr\/wp-json\/wp\/v2\/posts\/423550\/revisions"}],"wp:featuredmedia":[{"embeddable":true,"href":"https:\/\/www.europesays.com\/fr\/wp-json\/wp\/v2\/media\/423551"}],"wp:attachment":[{"href":"https:\/\/www.europesays.com\/fr\/wp-json\/wp\/v2\/media?parent=423550"}],"wp:term":[{"taxonomy":"category","embeddable":true,"href":"https:\/\/www.europesays.com\/fr\/wp-json\/wp\/v2\/categories?post=423550"},{"taxonomy":"post_tag","embeddable":true,"href":"https:\/\/www.europesays.com\/fr\/wp-json\/wp\/v2\/tags?post=423550"}],"curies":[{"name":"wp","href":"https:\/\/api.w.org\/{rel}","templated":true}]}}