{"id":423568,"date":"2025-09-28T10:57:09","date_gmt":"2025-09-28T10:57:09","guid":{"rendered":"https:\/\/www.europesays.com\/fr\/423568\/"},"modified":"2025-09-28T10:57:09","modified_gmt":"2025-09-28T10:57:09","slug":"a-bordeaux-le-seul-burger-king-de-la-rive-droite-sapprete-a-ouvrir-ses-portes-il-est-atypique","status":"publish","type":"post","link":"https:\/\/www.europesays.com\/fr\/423568\/","title":{"rendered":"\u00c0 Bordeaux, le seul Burger King de la rive droite s&rsquo;appr\u00eate \u00e0 ouvrir ses portes : \u00ab\u00a0Il est atypique\u00a0\u00bb"},"content":{"rendered":"<p>            Par<br \/>\n        <strong><br \/>\n            <a href=\"https:\/\/actu.fr\/auteur\/juliette-cardinale\" title=\"Consulter tous les articles de Juliette Cardinale\" target=\"_blank\" rel=\"noopener\">Juliette Cardinale<\/a><br \/>\n        <\/strong><\/p>\n<p>        Publi\u00e9 le<\/p>\n<p>            28 sept. 2025 \u00e0 12h32        <\/p>\n<p>Il pr\u00e9pare <a href=\"https:\/\/actu.fr\/nouvelle-aquitaine\/bordeaux_33063\/un-nouveau-burger-king-devrait-ouvrir-bientot-sur-la-rive-droite-de-bordeaux_61665961.html\" target=\"_blank\" rel=\"noopener\">son ouverture depuis plusieurs mois,<\/a> et l\u2019installation touche \u00e0 sa fin. Ce mercredi 1er\u00a0octobre 2025, le <strong>premier Burger King de la rive droite<\/strong> va ouvrir <a href=\"https:\/\/actu.fr\/bordeaux\/\" target=\"_blank\" rel=\"noopener\">\u00e0 Bordeaux.<\/a> Un restaurant \u00ab\u2009atypique\u2009\u00bb, affirme le franchis\u00e9 Nicolas Fourcade \u00e0 quelques jours du top d\u00e9part. On fait le point.<\/p>\n<p class=\" wall-content\">La <a href=\"https:\/\/actu.fr\/nouvelle-aquitaine\/bordeaux_33063\/pour-une-histoire-de-parkings-ce-grand-projet-prevu-a-la-place-de-l-ancien-quick-a-bordeaux-est-illegal_62675946.html\" target=\"_blank\" rel=\"noopener\">fronde des riverains<\/a> avait r\u00e9ussi \u00e0 faire \u00e9chouer un projet d\u2019\u00e9cole d\u2019enseignement sup\u00e9rieur et de logements \u00e0 la place du Quick de Bordeaux Bastide, ferm\u00e9 en 2023. Deux ans plus tard, c\u2019est donc un Burger King tout neuf qui s\u2019appr\u00eate \u00e0 ouvrir ses portes au <strong>87 avenue Thiers,<\/strong> en face de l\u2019arr\u00eat de tram Jardin Botanique.<\/p>\n<p>Un drive et une grande terrasse<\/p>\n<p class=\" wall-content\">\u00ab\u2009C\u2019est un <strong>Burger King atypique\u2009\u00bb,<\/strong> souligne Nicolas Fourcade. \u00ab\u2009Il est en plein centre-ville, \u00e0 proximit\u00e9 du pont de pierre, et a quand m\u00eame <strong>un drive et une grande terrasse<\/strong> avec une \u00e9norme aire de jeu.\u2009\u00bb<\/p>\n<p class=\" wall-content\">L\u2019\u00e9tablissement de 350\u00a0m\u00e8tres carr\u00e9s pourra accueillir 85 places assises \u00e0 l\u2019int\u00e9rieur et <strong>72 sur la terrasse \u00ab\u2009en plein soleil\u2009\u00bb,<\/strong> pr\u00e9cise le Nicolas Fourcade. Issu de la grande distribution, le g\u00e9rant a eu un \u00ab\u2009coup de c\u0153ur sur le cadre\u2009\u00bb, dans un quartier qui ne cesse d\u2019\u00e9voluer.<\/p>\n<p class=\" wall-content\">L\u2019\u00e9tablissement sera le sponsor de <a href=\"https:\/\/www.instagram.com\/p\/DOvGgMDjXan\/\" target=\"_blank\" rel=\"noopener\">l\u2019\u00e9quipe f\u00e9minine de football locale. <\/a>\u00ab\u2009On veut <strong>s\u2019ins\u00e9rer au mieux dans le quartier<\/strong> et le tissu local, on a beaucoup travaill\u00e9 avec France Travail pour les embauches.\u2009\u00bb Une soixantaine d\u2019employ\u00e9s ont \u00e9t\u00e9 recrut\u00e9s, dont de nombreux \u00e9tudiants.<\/p>\n<p class=\" wall-content\">Le premier Burger King de la rive droite semble \u00eatre attendu avec impatience. Pour s\u2019assurer du bon fonctionnement, des services \u00e0 blanc sont pr\u00e9vus avant l\u2019ouverture et un concours a \u00e9t\u00e9 lanc\u00e9 sur les r\u00e9seaux pour obtenir une des 200 invitations. \u00ab\u2009On a eu <strong>plus de 600 retours\u2009\u00bb,<\/strong> affirme le franchis\u00e9. \u00ab\u2009Il y a une r\u00e9elle attente. On a offert un lot de compensation \u00e0 ceux qui n\u2019ont pas \u00e9t\u00e9 retenus.\u2009\u00bb<\/p>\n<p>Votre r\u00e9gion, votre actu !<\/p>\n<p>Recevez chaque jour les infos qui comptent pour vous.<\/p>\n<p>\t<a href=\"https:\/\/actu.fr\/newsletter\" class=\"ac-btn ac-btn--corner ac-btn--medium ac-btn--blue800\" target=\"_blank\" rel=\"noopener\">S&rsquo;incrire<\/a><\/p>\n<p class=\" wall-content\">D\u00e8s le 1er\u00a0octobre, l\u2019\u00e9tablissement de l\u2019avenue Thiers sera ouvert tous les jours de <strong>11h \u00e0 23h30<\/strong> pour le drive (00h30 les vendredis et samedi). La salle fermera 30\u00a0minutes plus t\u00f4t.<\/p>\n<p class=\" wall-content\">Personnalisez votre actualit\u00e9 en ajoutant vos villes et m\u00e9dias en favori avec <a href=\"https:\/\/moncompte.actu.fr\" title=\"D\u00e9couvez Mon Actu\" rel=\"nofollow noopener\" data-trk=\"{&quot;cta&quot;:{&quot;action&quot;:&quot;https:\\\/\\\/moncompte.actu.fr&quot;,&quot;category&quot;:&quot;mon compte&quot;,&quot;from&quot;:&quot;article footer&quot;,&quot;name&quot;:&quot;Mon actu&quot;,&quot;type&quot;:&quot;cta&quot;}}\" target=\"_blank\">Mon Actu<\/a>.<\/p>\n<p>                    <script async src=\"\/\/www.instagram.com\/embed.js\"><\/script><\/p>\n","protected":false},"excerpt":{"rendered":"Par Juliette Cardinale Publi\u00e9 le 28 sept. 2025 \u00e0 12h32 Il pr\u00e9pare son ouverture depuis plusieurs mois, et&hellip;\n","protected":false},"author":2,"featured_media":423569,"comment_status":"","ping_status":"","sticky":false,"template":"","format":"standard","meta":{"footnotes":""},"categories":[2817],"tags":[1111,11,1997,215,1777,674,1011,27,12,3147,2219,25,1340,104],"class_list":{"0":"post-423568","1":"post","2":"type-post","3":"status-publish","4":"format-standard","5":"has-post-thumbnail","7":"category-bordeaux","8":"tag-actu","9":"tag-actualites","10":"tag-bordeaux","11":"tag-commerce","12":"tag-eu","13":"tag-europe","14":"tag-fr","15":"tag-france","16":"tag-news","17":"tag-nouveaux-commerces","18":"tag-nouvelle-aquitaine","19":"tag-republique-francaise","20":"tag-restaurant","21":"tag-societe"},"share_on_mastodon":{"url":"https:\/\/pubeurope.com\/@fr\/115281568979113699","error":""},"_links":{"self":[{"href":"https:\/\/www.europesays.com\/fr\/wp-json\/wp\/v2\/posts\/423568","targetHints":{"allow":["GET"]}}],"collection":[{"href":"https:\/\/www.europesays.com\/fr\/wp-json\/wp\/v2\/posts"}],"about":[{"href":"https:\/\/www.europesays.com\/fr\/wp-json\/wp\/v2\/types\/post"}],"author":[{"embeddable":true,"href":"https:\/\/www.europesays.com\/fr\/wp-json\/wp\/v2\/users\/2"}],"replies":[{"embeddable":true,"href":"https:\/\/www.europesays.com\/fr\/wp-json\/wp\/v2\/comments?post=423568"}],"version-history":[{"count":0,"href":"https:\/\/www.europesays.com\/fr\/wp-json\/wp\/v2\/posts\/423568\/revisions"}],"wp:featuredmedia":[{"embeddable":true,"href":"https:\/\/www.europesays.com\/fr\/wp-json\/wp\/v2\/media\/423569"}],"wp:attachment":[{"href":"https:\/\/www.europesays.com\/fr\/wp-json\/wp\/v2\/media?parent=423568"}],"wp:term":[{"taxonomy":"category","embeddable":true,"href":"https:\/\/www.europesays.com\/fr\/wp-json\/wp\/v2\/categories?post=423568"},{"taxonomy":"post_tag","embeddable":true,"href":"https:\/\/www.europesays.com\/fr\/wp-json\/wp\/v2\/tags?post=423568"}],"curies":[{"name":"wp","href":"https:\/\/api.w.org\/{rel}","templated":true}]}}