{"id":423570,"date":"2025-09-28T10:58:10","date_gmt":"2025-09-28T10:58:10","guid":{"rendered":"https:\/\/www.europesays.com\/fr\/423570\/"},"modified":"2025-09-28T10:58:10","modified_gmt":"2025-09-28T10:58:10","slug":"fete-des-vignerons-independants-a-bordeaux-3-au-5-octobre-2025","status":"publish","type":"post","link":"https:\/\/www.europesays.com\/fr\/423570\/","title":{"rendered":"F\u00eate des Vignerons Ind\u00e9pendants \u00e0 Bordeaux \u2013 3 au 5 octobre 2025"},"content":{"rendered":"<p>Du <strong>vendredi 3 au dimanche 5 octobre 2025<\/strong>, Bordeaux accueille pour la premi\u00e8re fois la <strong>F\u00eate des Vignerons Ind\u00e9pendants<\/strong>. Pendant trois jours, les <strong>All\u00e9es de Tourny<\/strong> se transforment en un grand espace de d\u00e9gustation et de convivialit\u00e9, au c\u0153ur du centre-ville. L\u2019occasion id\u00e9ale de d\u00e9couvrir les vins de Gironde, de rencontrer leurs producteurs et de vivre un moment festif autour du vin, de la gastronomie et de la musique.<\/p>\n<p>Un nouvel \u00e9v\u00e9nement vin \u00e0 Bordeaux<\/p>\n<p>Organis\u00e9e par la <strong>F\u00e9d\u00e9ration des Vignerons Ind\u00e9pendants de Gironde<\/strong>, avec le soutien de la <strong>Mairie de Bordeaux<\/strong>, cette f\u00eate a pour ambition de devenir un rendez-vous annuel incontournable. Contrairement aux grands salons, elle se d\u00e9roule <strong>en plein air<\/strong>, au c\u0153ur de la ville, pour permettre aux Bordelais et aux visiteurs de partager un moment chaleureux et accessible \u00e0 tous.<\/p>\n<p>La <strong>f\u00eate des vignerons ind\u00e9pendants Bordeaux 2025<\/strong> est une belle opportunit\u00e9 de d\u00e9couvrir des vins authentiques, souvent issus de domaines familiaux, et de soutenir directement les producteurs locaux.<\/p>\n<p>Le programme : vin, gastronomie et musique<\/p>\n<p>D\u00e9gustations &amp; vente directe<\/p>\n<p>Pr\u00e8s de <strong>40 vignerons ind\u00e9pendants de Gironde<\/strong> seront pr\u00e9sents pour faire d\u00e9couvrir leurs vins. D\u00e9gustations <strong>au verre<\/strong>, ventes <strong>\u00e0 la bouteille<\/strong> ou par <strong>carton<\/strong> : chacun repartira avec ses coups de c\u0153ur.<\/p>\n<p>Gastronomie &amp; food-trucks<\/p>\n<p>Parce qu\u2019un bon verre de vin se marie toujours mieux avec une belle assiette, des <strong>stands de produits locaux<\/strong> et <strong>food-trucks gourmands<\/strong> accompagneront les d\u00e9gustations.<\/p>\n<p>Concerts &amp; animations<\/p>\n<p>Tout au long du week-end, la f\u00eate sera rythm\u00e9e par des <strong>concerts live<\/strong>, DJ sets et animations familiales.<\/p>\n<p>Infos pratiques<\/p>\n<ul class=\"wp-block-list\">\n<li><strong>Dates<\/strong> : vendredi 3 octobre (10h-23h), samedi 4 octobre (10h-23h), dimanche 5 octobre (10h-17h)<\/li>\n<li><strong>Lieu<\/strong> : All\u00e9es de Tourny, Bordeaux<\/li>\n<li><strong>Entr\u00e9e<\/strong> : gratuite (d\u00e9gustations payantes selon les stands)<\/li>\n<li><strong>Participants<\/strong> : environ 40 vignerons ind\u00e9pendants girondins<\/li>\n<\/ul>\n<p>Pourquoi venir \u00e0 la F\u00eate des Vignerons Ind\u00e9pendants 2025 <\/p>\n<ul class=\"wp-block-list\">\n<li><strong>Rencontrer les producteurs<\/strong> : \u00e9change direct avec les vignerons qui travaillent leur terroir au quotidien<\/li>\n<li><strong>D\u00e9couvrir la diversit\u00e9 du vignoble bordelais<\/strong> : au-del\u00e0 des grands crus, des vins authentiques et originaux<\/li>\n<li><strong>Vivre un \u00e9v\u00e9nement festif en plein centre-ville<\/strong> : musique, gastronomie et vin r\u00e9unis au c\u0153ur de Bordeaux<\/li>\n<li><strong>Soutenir la viticulture locale<\/strong> : acheter en circuit court, directement aux producteurs<\/li>\n<\/ul>\n<p>Conseils pour profiter pleinement de l\u2019\u00e9v\u00e9nement<\/p>\n<ul class=\"wp-block-list\">\n<li>Venir avec un <strong>sac r\u00e9utilisable<\/strong> pour transporter ses bouteilles<\/li>\n<li>Arriver en <strong>matin\u00e9e ou d\u00e9but d\u2019apr\u00e8s-midi<\/strong> pour \u00e9changer plus tranquillement avec les vignerons<\/li>\n<li>Profiter des <strong>animations musicales<\/strong> en soir\u00e9e pour une ambiance plus festive<\/li>\n<\/ul>\n<p>La <strong>F\u00eate des Vignerons Ind\u00e9pendants Bordeaux 2025<\/strong> promet d\u2019\u00eatre l\u2019un des grands rendez-vous de l\u2019automne. Que vous soyez passionn\u00e9 de vin ou simple curieux, ne manquez pas cet \u00e9v\u00e9nement qui allie d\u00e9gustation, gastronomie et convivialit\u00e9, du <strong>3 au 5 octobre 2025 aux All\u00e9es de Tourny<\/strong>.<\/p>\n<p>L\u2019abus d\u2019alcool est dangereux pour la sant\u00e9. \u00c0 consommer avec mod\u00e9ration.<\/p>\n","protected":false},"excerpt":{"rendered":"Du vendredi 3 au dimanche 5 octobre 2025, Bordeaux accueille pour la premi\u00e8re fois la F\u00eate des Vignerons&hellip;\n","protected":false},"author":2,"featured_media":423571,"comment_status":"","ping_status":"","sticky":false,"template":"","format":"standard","meta":{"footnotes":""},"categories":[2817],"tags":[1111,11,1997,1777,674,1011,27,12,2219,25],"class_list":{"0":"post-423570","1":"post","2":"type-post","3":"status-publish","4":"format-standard","5":"has-post-thumbnail","7":"category-bordeaux","8":"tag-actu","9":"tag-actualites","10":"tag-bordeaux","11":"tag-eu","12":"tag-europe","13":"tag-fr","14":"tag-france","15":"tag-news","16":"tag-nouvelle-aquitaine","17":"tag-republique-francaise"},"share_on_mastodon":{"url":"https:\/\/pubeurope.com\/@fr\/115281572955171149","error":""},"_links":{"self":[{"href":"https:\/\/www.europesays.com\/fr\/wp-json\/wp\/v2\/posts\/423570","targetHints":{"allow":["GET"]}}],"collection":[{"href":"https:\/\/www.europesays.com\/fr\/wp-json\/wp\/v2\/posts"}],"about":[{"href":"https:\/\/www.europesays.com\/fr\/wp-json\/wp\/v2\/types\/post"}],"author":[{"embeddable":true,"href":"https:\/\/www.europesays.com\/fr\/wp-json\/wp\/v2\/users\/2"}],"replies":[{"embeddable":true,"href":"https:\/\/www.europesays.com\/fr\/wp-json\/wp\/v2\/comments?post=423570"}],"version-history":[{"count":0,"href":"https:\/\/www.europesays.com\/fr\/wp-json\/wp\/v2\/posts\/423570\/revisions"}],"wp:featuredmedia":[{"embeddable":true,"href":"https:\/\/www.europesays.com\/fr\/wp-json\/wp\/v2\/media\/423571"}],"wp:attachment":[{"href":"https:\/\/www.europesays.com\/fr\/wp-json\/wp\/v2\/media?parent=423570"}],"wp:term":[{"taxonomy":"category","embeddable":true,"href":"https:\/\/www.europesays.com\/fr\/wp-json\/wp\/v2\/categories?post=423570"},{"taxonomy":"post_tag","embeddable":true,"href":"https:\/\/www.europesays.com\/fr\/wp-json\/wp\/v2\/tags?post=423570"}],"curies":[{"name":"wp","href":"https:\/\/api.w.org\/{rel}","templated":true}]}}