{"id":423575,"date":"2025-09-28T11:01:13","date_gmt":"2025-09-28T11:01:13","guid":{"rendered":"https:\/\/www.europesays.com\/fr\/423575\/"},"modified":"2025-09-28T11:01:13","modified_gmt":"2025-09-28T11:01:13","slug":"le-quartier-de-lunion-a-roubaix-accueille-de-nouveaux-habitants-dans-des-residences-neuves","status":"publish","type":"post","link":"https:\/\/www.europesays.com\/fr\/423575\/","title":{"rendered":"Le quartier de l\u2019Union \u00e0 Roubaix accueille de nouveaux habitants dans des r\u00e9sidences neuves"},"content":{"rendered":"<p>            Par<br \/>\n        <strong><br \/>\n            <a href=\"https:\/\/actu.fr\/auteur\/annesophie-2\" title=\"Consulter tous les articles de Anne-Sophie Hourdeaux\" rel=\"nofollow noopener\" target=\"_blank\">Anne-Sophie Hourdeaux<\/a><br \/>\n        <\/strong><\/p>\n<p>        Publi\u00e9 le<\/p>\n<p>            28 sept. 2025 \u00e0 12h40        <\/p>\n<p><b>Le quartier de l\u2019Union \u00e0 Roubaix (Nord),<\/b> toujours en construction, a accueilli de nouveaux habitants. Le groupe Cl\u00e9sense a construit <b>six<\/b> <b>b\u00e2timents, contenant 176 logements.<\/b> Plusieurs publics sont concern\u00e9s\u2009: <b>les familles monoparentales, les \u00e9tudiants, les jeunes actifs en colocation.<\/b><\/p>\n<p>    <img   decoding=\"async\" loading=\"lazy\" class=\"size-large\" src=\"https:\/\/www.europesays.com\/fr\/wp-content\/uploads\/2025\/09\/81f763e415d86a5f763e415d8a9f76v-960x640.jpeg\" alt=\"inauguration ilot saint joseph quartier Union Roubaix\" width=\"960\" height=\"640\"\/><br \/>\n    L\u2019inauguration de l\u2019\u00eelot Saint Joseph quartier Union \u00e0 Roubaix a r\u00e9uni\u2009: Anne Gobin (ARPEJ), Nathalie Meunier (pr\u00e9sidente de Name Immobilier), Isabelle Mariage (Pr\u00e9sidente de Ville Renouvel\u00e9e), Anne Voituriez (vice-pr\u00e9sidente de la MEL), Nicolas Delesque (Resid\u2019Up), V\u00e9ronique Delcourt (la CAF), David Larbodie (Cl\u00e9sence), Guillaume Delbar (maire de Roubaix), Pierre Gilardeau (sous-pr\u00e9fet de Roubaix) et Christophe Paris (AFEV). \u00a9Ville Renouvel\u00e9e<\/p>\n<p class=\" wall-content\">Le quartier de l\u2019Union a vu l\u2019inauguration de nouveaux b\u00e2timents lundi 15\u00a0septembre 2025, baptis\u00e9s \u00ab\u2009\u00eelot Saint-Joseph\u2009\u00bb.<\/p>\n<p>    <img   decoding=\"async\" loading=\"lazy\" class=\"size-large\" src=\"https:\/\/www.europesays.com\/fr\/wp-content\/uploads\/2025\/09\/ee6bb3e415d86037bb3e415d8977bbv-960x640.jpeg\" alt=\"inauguration ilot saint joseph quartier Union Roubaix\" width=\"960\" height=\"640\"\/><br \/>\n    Des chambres individuelles, des colocations, des h\u00e9bergements solidaires et du coliving, voil\u00e0 l\u2019\u00eelot Saint-Joseph \u00e0 Roubaix. \u00a9Cl\u00e9sence<\/p>\n<p class=\" wall-content\">Les nouveaux habitants de ces nouveaux immeubles sont les \u00e9tudiants, les jeunes actifs et familles. \u00ab\u2009Au-del\u00e0 des logements, ce sont de v\u00e9ritables lieux de vie partag\u00e9s, qui favorisent l\u2019entraide, la convivialit\u00e9 et l\u2019ancrage dans le quartier\u2009\u00bb insiste Cl\u00e9sence, entreprise Sociale de l\u2019Habitat (ESH). L\u2019\u00eelot Saint-Joseph, c\u2019est\u2009:<\/p>\n<ul class=\" wall-content\">\n<li><b>21 logements comprenant 81 chambres en colocation <\/b>avec espaces communs r\u00e9partis sur 2 b\u00e2timents, propri\u00e9t\u00e9s de Cl\u00e9sence et g\u00e9r\u00e9s par R\u00e9sid\u2019Up et l\u2019Afev.<\/li>\n<\/ul>\n<p class=\" wall-content\">Gr\u00e2ce au projet de colocations \u00e0 Projets Solidaires (KAPS), les colocataires\u00a0m\u00e8nent des actions solidaires pens\u00e9es pour renforcer le lien social et soutenir les dynamiques habitantes du quartier.<\/p>\n<p>Votre r\u00e9gion, votre actu !<\/p>\n<p>Recevez chaque jour les infos qui comptent pour vous.<\/p>\n<p>\t<a href=\"https:\/\/actu.fr\/newsletter\" class=\"ac-btn ac-btn--corner ac-btn--medium ac-btn--blue800\" rel=\"nofollow noopener\" target=\"_blank\">S&rsquo;incrire<\/a><\/p>\n<p>    <img   decoding=\"async\" loading=\"lazy\" class=\"size-large\" src=\"https:\/\/www.europesays.com\/fr\/wp-content\/uploads\/2025\/09\/7008a3e415d863128a3e415d8ea28av-960x640.jpeg\" alt=\"inauguration ilot saint joseph quartier Union Roubaix\" width=\"960\" height=\"640\"\/><br \/>\n    Nouveaux logements dans le quartier Union \u00e0 Roubaix. \u00a9Cl\u00e9sence<\/p>\n<ul class=\" wall-content\">\n<li><b>5 logements en \u00ab\u2009coliving\u2009\u00bb comprenant 28 espaces privatifs <\/b>avec espaces communs, propri\u00e9t\u00e9s de Cl\u00e9sence qui en est aussi le gestionnaire.<\/li>\n<\/ul>\n<p class=\" wall-content\">Pens\u00e9s initialement pour accueillir des familles monoparentales, ces espaces de coliving sont \u00e9galement ouverts \u00e0 tous profils, afin de favoriser la diversit\u00e9 et les solidarit\u00e9s entre habitants.<\/p>\n<ul class=\" wall-content\">\n<li><b>149 chambres et un logement de fonction, <\/b>propri\u00e9t\u00e9s de Cl\u00e9sence et g\u00e9r\u00e9s par ARPEJ.<\/li>\n<\/ul>\n<p class=\" wall-content\">Pens\u00e9e comme un tremplin pour les moins de 30\u00a0ans, cette r\u00e9sidence propose un accompagnement individuel et des animations collectives.<\/p>\n<p class=\" wall-content\">Le projet a co\u00fbt\u00e9 18,4\u00a0millions d\u2019euros TTC.<\/p>\n<p class=\" wall-content\">Personnalisez votre actualit\u00e9 en ajoutant vos villes et m\u00e9dias en favori avec <a href=\"https:\/\/moncompte.actu.fr\" title=\"D\u00e9couvez Mon Actu\" rel=\"nofollow noopener\" data-trk=\"{&quot;cta&quot;:{&quot;action&quot;:&quot;https:\\\/\\\/moncompte.actu.fr&quot;,&quot;category&quot;:&quot;mon compte&quot;,&quot;from&quot;:&quot;article footer&quot;,&quot;name&quot;:&quot;Mon actu&quot;,&quot;type&quot;:&quot;cta&quot;}}\" target=\"_blank\">Mon Actu<\/a>.<\/p>\n","protected":false},"excerpt":{"rendered":"Par Anne-Sophie Hourdeaux Publi\u00e9 le 28 sept. 2025 \u00e0 12h40 Le quartier de l\u2019Union \u00e0 Roubaix (Nord), toujours&hellip;\n","protected":false},"author":2,"featured_media":423576,"comment_status":"","ping_status":"","sticky":false,"template":"","format":"standard","meta":{"footnotes":""},"categories":[2815],"tags":[1111,11,1777,674,1011,27,811,1307,12,25,104,2086],"class_list":{"0":"post-423575","1":"post","2":"type-post","3":"status-publish","4":"format-standard","5":"has-post-thumbnail","7":"category-lille","8":"tag-actu","9":"tag-actualites","10":"tag-eu","11":"tag-europe","12":"tag-fr","13":"tag-france","14":"tag-hauts-de-france","15":"tag-lille","16":"tag-news","17":"tag-republique-francaise","18":"tag-societe","19":"tag-travaux"},"share_on_mastodon":{"url":"https:\/\/pubeurope.com\/@fr\/115281585368659512","error":""},"_links":{"self":[{"href":"https:\/\/www.europesays.com\/fr\/wp-json\/wp\/v2\/posts\/423575","targetHints":{"allow":["GET"]}}],"collection":[{"href":"https:\/\/www.europesays.com\/fr\/wp-json\/wp\/v2\/posts"}],"about":[{"href":"https:\/\/www.europesays.com\/fr\/wp-json\/wp\/v2\/types\/post"}],"author":[{"embeddable":true,"href":"https:\/\/www.europesays.com\/fr\/wp-json\/wp\/v2\/users\/2"}],"replies":[{"embeddable":true,"href":"https:\/\/www.europesays.com\/fr\/wp-json\/wp\/v2\/comments?post=423575"}],"version-history":[{"count":0,"href":"https:\/\/www.europesays.com\/fr\/wp-json\/wp\/v2\/posts\/423575\/revisions"}],"wp:featuredmedia":[{"embeddable":true,"href":"https:\/\/www.europesays.com\/fr\/wp-json\/wp\/v2\/media\/423576"}],"wp:attachment":[{"href":"https:\/\/www.europesays.com\/fr\/wp-json\/wp\/v2\/media?parent=423575"}],"wp:term":[{"taxonomy":"category","embeddable":true,"href":"https:\/\/www.europesays.com\/fr\/wp-json\/wp\/v2\/categories?post=423575"},{"taxonomy":"post_tag","embeddable":true,"href":"https:\/\/www.europesays.com\/fr\/wp-json\/wp\/v2\/tags?post=423575"}],"curies":[{"name":"wp","href":"https:\/\/api.w.org\/{rel}","templated":true}]}}