{"id":423579,"date":"2025-09-28T11:03:10","date_gmt":"2025-09-28T11:03:10","guid":{"rendered":"https:\/\/www.europesays.com\/fr\/423579\/"},"modified":"2025-09-28T11:03:10","modified_gmt":"2025-09-28T11:03:10","slug":"un-homme-tue-a-larme-blanche-dans-son-appartement-a-marseille","status":"publish","type":"post","link":"https:\/\/www.europesays.com\/fr\/423579\/","title":{"rendered":"Un homme tu\u00e9 \u00e0 l&rsquo;arme blanche dans son appartement \u00e0 Marseille"},"content":{"rendered":"<p>Ce sont les voisins qui, entendant des bruits suspects, ont alert\u00e9 les forces de l&rsquo;ordre. Un homme de 46 ans a \u00e9t\u00e9 retrouv\u00e9 d\u00e9c\u00e9d\u00e9 dans son appartement du boulevard Grac, dans le 15e arrondissement de <a href=\"https:\/\/www.laprovence.com\/bouches-du-rhone\/marseille-13055\" target=\"_blank\" rel=\"noopener\">Marseille<\/a>. Selon les premi\u00e8res constatations relay\u00e9e par <a href=\"https:\/\/www.laprovence.com\/article\/faits-divers-justice\/450126492015614\/un-homme-tue-a-larme-blanche-dans-son-appartement-a-marseille\" target=\"_blank\" rel=\"noopener\">Actu<\/a>, la victime a \u00e9t\u00e9 tu\u00e9e par plusieurs coups, port\u00e9s par un ou plusieurs agresseurs arm\u00e9s d&rsquo;une arme blanche.<\/p>\n<p>Selon nos informations, qui confirment celles des confr\u00e8res,\u00a0le quadrag\u00e9naire \u00e9tait inconnu des autorit\u00e9s. \u00c0 cette heure, toutes les pistes sont \u00e9tudi\u00e9es par les enqu\u00eateurs.<\/p>\n","protected":false},"excerpt":{"rendered":"Ce sont les voisins qui, entendant des bruits suspects, ont alert\u00e9 les forces de l&rsquo;ordre. Un homme de&hellip;\n","protected":false},"author":2,"featured_media":423580,"comment_status":"","ping_status":"","sticky":false,"template":"","format":"standard","meta":{"footnotes":""},"categories":[2814],"tags":[17,1111,11,9071,8386,1446,1777,674,274,1011,27,4933,1859,884,12,882,25,3711,5911],"class_list":{"0":"post-423579","1":"post","2":"type-post","3":"status-publish","4":"format-standard","5":"has-post-thumbnail","7":"category-marseille","8":"tag-17","9":"tag-actu","10":"tag-actualites","11":"tag-appartement","12":"tag-blanche","13":"tag-dans","14":"tag-eu","15":"tag-europe","16":"tag-faits-divers-justice","17":"tag-fr","18":"tag-france","19":"tag-homme","20":"tag-larme","21":"tag-marseille","22":"tag-news","23":"tag-provence-alpes-cote-dazur","24":"tag-republique-francaise","25":"tag-son","26":"tag-tue"},"share_on_mastodon":{"url":"https:\/\/pubeurope.com\/@fr\/115281592608922204","error":""},"_links":{"self":[{"href":"https:\/\/www.europesays.com\/fr\/wp-json\/wp\/v2\/posts\/423579","targetHints":{"allow":["GET"]}}],"collection":[{"href":"https:\/\/www.europesays.com\/fr\/wp-json\/wp\/v2\/posts"}],"about":[{"href":"https:\/\/www.europesays.com\/fr\/wp-json\/wp\/v2\/types\/post"}],"author":[{"embeddable":true,"href":"https:\/\/www.europesays.com\/fr\/wp-json\/wp\/v2\/users\/2"}],"replies":[{"embeddable":true,"href":"https:\/\/www.europesays.com\/fr\/wp-json\/wp\/v2\/comments?post=423579"}],"version-history":[{"count":0,"href":"https:\/\/www.europesays.com\/fr\/wp-json\/wp\/v2\/posts\/423579\/revisions"}],"wp:featuredmedia":[{"embeddable":true,"href":"https:\/\/www.europesays.com\/fr\/wp-json\/wp\/v2\/media\/423580"}],"wp:attachment":[{"href":"https:\/\/www.europesays.com\/fr\/wp-json\/wp\/v2\/media?parent=423579"}],"wp:term":[{"taxonomy":"category","embeddable":true,"href":"https:\/\/www.europesays.com\/fr\/wp-json\/wp\/v2\/categories?post=423579"},{"taxonomy":"post_tag","embeddable":true,"href":"https:\/\/www.europesays.com\/fr\/wp-json\/wp\/v2\/tags?post=423579"}],"curies":[{"name":"wp","href":"https:\/\/api.w.org\/{rel}","templated":true}]}}