{"id":423585,"date":"2025-09-28T11:06:15","date_gmt":"2025-09-28T11:06:15","guid":{"rendered":"https:\/\/www.europesays.com\/fr\/423585\/"},"modified":"2025-09-28T11:06:15","modified_gmt":"2025-09-28T11:06:15","slug":"la-mairie-me-dit-que-les-pompiers-ne-passent-pas-mais-cest-faux","status":"publish","type":"post","link":"https:\/\/www.europesays.com\/fr\/423585\/","title":{"rendered":"\u00ab\u00a0La mairie me dit que les pompiers ne passent pas, mais c\u2019est faux\u00a0!\u00a0\u00bb"},"content":{"rendered":"<p>\u00ab\u00a0On m\u2019emp\u00eache de travailler, alors que je n\u2019ai fait l\u2019objet d\u2019aucune plainte, jamais. Depuis l\u2019obtention de ma licence IV en 2015, je ne nuis strictement en rien. Mais, plut\u00f4t que de me laisser d\u00e9ployer ma petite terrasse \u201c\u00e0 la parisienne\u201d &#8211; douze chaises en rang d\u2019oignon &#8211; on me la refuse. Dommage, c\u2019est la seule du quartier\u00a0!\u00a0\u00bb Sur les pav\u00e9s de la rue du B\u0153uf, au c\u0153ur du Vieux-Lyon (5e), Lionel Vaganay bouillonne sous son tablier bleu.<\/p>\n<p>Travailleur et habitant du&#8230;<\/p>\n","protected":false},"excerpt":{"rendered":"\u00ab\u00a0On m\u2019emp\u00eache de travailler, alors que je n\u2019ai fait l\u2019objet d\u2019aucune plainte, jamais. Depuis l\u2019obtention de ma licence&hellip;\n","protected":false},"author":2,"featured_media":423586,"comment_status":"","ping_status":"","sticky":false,"template":"","format":"standard","meta":{"footnotes":""},"categories":[1889],"tags":[1111,11,2430,4406,33,2757,1777,674,107,1011,27,2428,2756,12,25,2429],"class_list":{"0":"post-423585","1":"post","2":"type-post","3":"status-publish","4":"format-standard","5":"has-post-thumbnail","7":"category-lyon","8":"tag-actu","9":"tag-actualites","10":"tag-auvergne-rhone-alpes","11":"tag-commerce-et-services","12":"tag-economie","13":"tag-edition-lyon-villeurbanne","14":"tag-eu","15":"tag-europe","16":"tag-fil-info","17":"tag-fr","18":"tag-france","19":"tag-lyon","20":"tag-lyon-bassin","21":"tag-news","22":"tag-republique-francaise","23":"tag-rhone"},"share_on_mastodon":{"url":"https:\/\/pubeurope.com\/@fr\/115281604335147043","error":""},"_links":{"self":[{"href":"https:\/\/www.europesays.com\/fr\/wp-json\/wp\/v2\/posts\/423585","targetHints":{"allow":["GET"]}}],"collection":[{"href":"https:\/\/www.europesays.com\/fr\/wp-json\/wp\/v2\/posts"}],"about":[{"href":"https:\/\/www.europesays.com\/fr\/wp-json\/wp\/v2\/types\/post"}],"author":[{"embeddable":true,"href":"https:\/\/www.europesays.com\/fr\/wp-json\/wp\/v2\/users\/2"}],"replies":[{"embeddable":true,"href":"https:\/\/www.europesays.com\/fr\/wp-json\/wp\/v2\/comments?post=423585"}],"version-history":[{"count":0,"href":"https:\/\/www.europesays.com\/fr\/wp-json\/wp\/v2\/posts\/423585\/revisions"}],"wp:featuredmedia":[{"embeddable":true,"href":"https:\/\/www.europesays.com\/fr\/wp-json\/wp\/v2\/media\/423586"}],"wp:attachment":[{"href":"https:\/\/www.europesays.com\/fr\/wp-json\/wp\/v2\/media?parent=423585"}],"wp:term":[{"taxonomy":"category","embeddable":true,"href":"https:\/\/www.europesays.com\/fr\/wp-json\/wp\/v2\/categories?post=423585"},{"taxonomy":"post_tag","embeddable":true,"href":"https:\/\/www.europesays.com\/fr\/wp-json\/wp\/v2\/tags?post=423585"}],"curies":[{"name":"wp","href":"https:\/\/api.w.org\/{rel}","templated":true}]}}