{"id":423589,"date":"2025-09-28T11:09:12","date_gmt":"2025-09-28T11:09:12","guid":{"rendered":"https:\/\/www.europesays.com\/fr\/423589\/"},"modified":"2025-09-28T11:09:12","modified_gmt":"2025-09-28T11:09:12","slug":"paris-cette-rappeuse-prometteuse-annonce-avoir-un-son-dans-le-prochain-jeu-fifa-26","status":"publish","type":"post","link":"https:\/\/www.europesays.com\/fr\/423589\/","title":{"rendered":"Paris. Cette rappeuse prometteuse annonce avoir \u00ab\u00a0un son dans le prochain jeu FIFA 26\u00a0\u00bb"},"content":{"rendered":"<p>            Par<br \/>\n        <strong><br \/>\n            <a href=\"https:\/\/actu.fr\/auteur\/glenn-gillet\" title=\"Consulter tous les articles de Glenn Gillet\" target=\"_blank\" rel=\"noopener\">Glenn Gillet<\/a><br \/>\n        <\/strong><\/p>\n<p>        Publi\u00e9 le<\/p>\n<p>            28 sept. 2025 \u00e0 12h14        <\/p>\n<p>Un formidable coup de projecteur pour une jeune artiste <strong>parisienne<\/strong> aux grandes ambitions. Alors que le jeu vid\u00e9o de foot\u2009<a href=\"https:\/\/actu.fr\/loisirs-culture\/jeux-video-fc-26-disponible-ce-vendredi-ce-que-les-fans-de-fifa-vont-decouvrir_63210924.html\" target=\"_blank\" rel=\"noopener\">EA Sports FC 26<\/a>, franchise historique auparavant connue comme sous le nom de <strong>FIFA<\/strong>, est sorti vendredi 26\u00a0septembre 2025, la rappeuse <strong>sheng<\/strong> a annonc\u00e9 juste qu\u2019un de ses morceaux allait \u00eatre int\u00e9gr\u00e9 dans la playlist du jeu le plus vendu du monde, comme l\u2019a relay\u00e9 <a href=\"https:\/\/www.leparisien.fr\/paris-75\/pourtant-je-suis-nulle-a-fifa-la-rappeuse-parisienne-sheng-sinvite-dans-la-playlist-de-fc-26-27-09-2025-Z6D4NEMRA5DXDK52K75LBPBIXU.php\" target=\"_blank\" rel=\"noopener\">Le Parisien<\/a>.<\/p>\n<p>Un envoi de plusieurs morceaux \u00ab\u2009sans trop y croire \u00e0 l\u2019\u00e9poque\u2009\u00bb<\/p>\n<p class=\" wall-content\">\u00ab\u2009C\u2019est officiel, j\u2019aurai un son dans le prochain jeu fifa 26\u2009\u00bb, a-t-elle ainsi \u00e9crit dans un message publi\u00e9 sur son compte <a href=\"https:\/\/www.instagram.com\/p\/DOtb3sKgrTW\/?img_index=1\" target=\"_blank\" rel=\"noopener\">Instagram<\/a>, \u00ab\u2009merci \u00e0 toute ma team pour tout le taff derri\u00e8re c\u2019est un truc de fou\u2009!!! Et surtout merci \u00e0 vous\u2009\u00bb.<\/p>\n<p class=\" wall-content\"><a href=\"https:\/\/www.instagram.com\/p\/DOtb3sKgrTW\/embed\" title=\"Ouvrir le lien sur Instagram\" target=\"_blank\" rel=\"noopener\">Visualiser le contenu sur Instagram<\/a><\/p>\n<p class=\" wall-content\">Le morceau en question\u2009? <strong>BENZ \u5954\u9a70<\/strong>, une composition pleine d\u2019\u00e9nergie, au titre faisant r\u00e9f\u00e9rence \u00e0 la marque automobile, qui raconte une vir\u00e9e nocturne entre amis et ses zones de flous entre confessions, rencontres et cachotteries. Une c\u00e9l\u00e9bration, aussi, de l\u2019impulsivit\u00e9, l\u2019ind\u00e9pendance et de l\u2019amiti\u00e9.<\/p>\n<p class=\" wall-content\">Le morceau, sorti en f\u00e9vrier sur le premier album de sheng, J\u2019SUIS PAS CELLE \u975e\u4f60\u6240\u60f3, cumule actuellement plus de <strong>237\u2009000 \u00e9coutes<\/strong> sur Spotify. Ce n\u2019est pourtant pas son titre le plus \u00e9cout\u00e9, puisque DIS-MOI \u4e3a\u4ec0\u4e48 a \u00e9t\u00e9 \u00e9cout\u00e9 pr\u00e8s d\u20191,3\u00a0million de fois sur la plateforme de streaming. Pourtant, c\u2019est celle qui a tap\u00e9 dans l\u2019\u0153il des \u00e9diteurs du jeu.<\/p>\n<p class=\" wall-content\">\n<p class=\" wall-content\">Comme elle l\u2019explique au Parisien que c\u2019est son label Syndicate Records qui avaient envoy\u00e9 plusieurs de ses titres \u00e0 Electronic Arts \u00ab\u2009sans trop y croire \u00e0 l\u2019\u00e9poque\u2009\u00bb avant de recevoir avec surprise un <strong>retour positif<\/strong>, sans qu\u2019il soit pour autant accompagn\u00e9 d\u2019un accord d\u00e9finitif\u2009: \u00ab\u2009Rien n\u2019\u00e9tait encore s\u00fbr. Le son pouvait dispara\u00eetre de la playlist \u00e0 tout moment, surtout que je suis inconnue au bataillon\u2009\u00bb, raconte sheng.<\/p>\n<p class=\" wall-content\">\u00ab\u2009On a envie de musiques qui nous fassent vibrer comme si on \u00e9tait des ados. Et \u00e7a a vraiment \u00e9t\u00e9 le cas pour la musique de sheng. Notre choix a \u00e9t\u00e9 <strong>unanime\u2009<\/strong>!\u2009\u00bb, commente aupr\u00e8s du journal parisien le pr\u00e9sident de la musique chez Electronic Arts, Steve Schnur. Et voil\u00e0 donc la jeune rappeuse propuls\u00e9e dans une playlist destin\u00e9e \u00e0 \u00eatre \u00e9cout\u00e9e par des millions de joueurs, alors qu\u2019EA Sports FC 25 s\u2019\u00e9tait vendu \u00e0 plus de 1,4\u00a0million d\u2019exemplaires en France en 2025, ann\u00e9e de sa sortie, et \u00e0 plusieurs dizaines de millions \u00e0 travers le monde.<\/p>\n<p class=\" wall-content\">Sur Youtube, de nombreux <strong>messages<\/strong> sont apparus au cours des derniers jours dans les commentaires du morceau publi\u00e9 par sheng. \u00ab\u2009Merci FC 26 pour avoir ajout\u00e9 ce banger\u2009\u00bb, commente en anglais un auditeur visiblement amateur du jeu. \u00ab\u2009Depuis hier tu hantes mon fifa c\u2019est trop\u2009\u00bb, \u00e9crit quelqu\u2019un avec humour. \u00ab\u2009Salutations d\u2019Allemagne, merci pour ta chanson, je joue enfin \u00e0 FIFA\u2009\u00bb, s\u2019enthousiasme un autre. La rappeuse et sa chanson son bien partis pour faire le tour du monde.<\/p>\n<p class=\" wall-content\">Personnalisez votre actualit\u00e9 en ajoutant vos villes et m\u00e9dias en favori avec <a href=\"https:\/\/moncompte.actu.fr\" title=\"D\u00e9couvez Mon Actu\" rel=\"nofollow noopener\" data-trk=\"{&quot;cta&quot;:{&quot;action&quot;:&quot;https:\\\/\\\/moncompte.actu.fr&quot;,&quot;category&quot;:&quot;mon compte&quot;,&quot;from&quot;:&quot;article footer&quot;,&quot;name&quot;:&quot;Mon actu&quot;,&quot;type&quot;:&quot;cta&quot;}}\" target=\"_blank\">Mon Actu<\/a>.<\/p>\n<p>                    <script async src=\"\/\/www.instagram.com\/embed.js\"><\/script><\/p>\n","protected":false},"excerpt":{"rendered":"Par Glenn Gillet Publi\u00e9 le 28 sept. 2025 \u00e0 12h14 Un formidable coup de projecteur pour une jeune&hellip;\n","protected":false},"author":2,"featured_media":423590,"comment_status":"","ping_status":"","sticky":false,"template":"","format":"standard","meta":{"footnotes":""},"categories":[1888],"tags":[1111,1928,11,1927,1777,674,1011,27,1036,1652,12,1926,626,1925,3616,25,517],"class_list":{"0":"post-423589","1":"post","2":"type-post","3":"status-publish","4":"format-standard","5":"has-post-thumbnail","7":"category-paris","8":"tag-actu","9":"tag-actu-paris","10":"tag-actualites","11":"tag-actualites-paris","12":"tag-eu","13":"tag-europe","14":"tag-fr","15":"tag-france","16":"tag-jeux-video","17":"tag-loisirs-culture","18":"tag-news","19":"tag-news-paris","20":"tag-paris","21":"tag-paris-news","22":"tag-rap","23":"tag-republique-francaise","24":"tag-sport"},"share_on_mastodon":{"url":"https:\/\/pubeurope.com\/@fr\/115281616197905926","error":""},"_links":{"self":[{"href":"https:\/\/www.europesays.com\/fr\/wp-json\/wp\/v2\/posts\/423589","targetHints":{"allow":["GET"]}}],"collection":[{"href":"https:\/\/www.europesays.com\/fr\/wp-json\/wp\/v2\/posts"}],"about":[{"href":"https:\/\/www.europesays.com\/fr\/wp-json\/wp\/v2\/types\/post"}],"author":[{"embeddable":true,"href":"https:\/\/www.europesays.com\/fr\/wp-json\/wp\/v2\/users\/2"}],"replies":[{"embeddable":true,"href":"https:\/\/www.europesays.com\/fr\/wp-json\/wp\/v2\/comments?post=423589"}],"version-history":[{"count":0,"href":"https:\/\/www.europesays.com\/fr\/wp-json\/wp\/v2\/posts\/423589\/revisions"}],"wp:featuredmedia":[{"embeddable":true,"href":"https:\/\/www.europesays.com\/fr\/wp-json\/wp\/v2\/media\/423590"}],"wp:attachment":[{"href":"https:\/\/www.europesays.com\/fr\/wp-json\/wp\/v2\/media?parent=423589"}],"wp:term":[{"taxonomy":"category","embeddable":true,"href":"https:\/\/www.europesays.com\/fr\/wp-json\/wp\/v2\/categories?post=423589"},{"taxonomy":"post_tag","embeddable":true,"href":"https:\/\/www.europesays.com\/fr\/wp-json\/wp\/v2\/tags?post=423589"}],"curies":[{"name":"wp","href":"https:\/\/api.w.org\/{rel}","templated":true}]}}