{"id":423599,"date":"2025-09-28T11:14:13","date_gmt":"2025-09-28T11:14:13","guid":{"rendered":"https:\/\/www.europesays.com\/fr\/423599\/"},"modified":"2025-09-28T11:14:13","modified_gmt":"2025-09-28T11:14:13","slug":"a-lonu-linde-appelle-a-la-fin-des-conflits-en-ukraine-et-a-gaza-et-promet-son-soutien-a-la-paix","status":"publish","type":"post","link":"https:\/\/www.europesays.com\/fr\/423599\/","title":{"rendered":"\u00c0 l\u2019ONU, l\u2019Inde appelle \u00e0 la fin des conflits en Ukraine et \u00e0 Gaza et promet son soutien \u00e0 la paix"},"content":{"rendered":"<p style=\"text-align:justify;\">AA \/ Istanbul \/ Saadet Gokce<\/p>\n<p style=\"text-align:justify;\">Le ministre indien des Affaires \u00e9trang\u00e8res, Subrahmanyam Jaishankar, a appel\u00e9 samedi \u00e0 mettre fin aux conflits en Ukraine et dans la bande de Gaza, tout en r\u00e9affirmant l\u2019engagement de l\u2019Inde en faveur des initiatives de paix. Il a \u00e9galement averti que l\u2019ONU traversait \u00ab une crise \u00bb et a insist\u00e9 sur la n\u00e9cessit\u00e9 de r\u00e9former l\u2019organisation.<\/p>\n<p style=\"text-align:justify;\">\u00ab S\u2019agissant des conflits, en particulier en Ukraine et \u00e0 Gaza, m\u00eame ceux qui ne sont pas directement impliqu\u00e9s en subissent les cons\u00e9quences \u00bb, a d\u00e9clar\u00e9 Jaishankar devant la 80e Assembl\u00e9e g\u00e9n\u00e9rale des Nations unies \u00e0 New York.<\/p>\n<p style=\"text-align:justify;\">\u00ab Les pays capables de dialoguer avec toutes les parties doivent intensifier leurs efforts pour trouver des solutions. L\u2019Inde appelle \u00e0 la fin des hostilit\u00e9s et soutiendra toute initiative visant \u00e0 r\u00e9tablir la paix \u00bb, a-t-il ajout\u00e9.<\/p>\n<p style=\"text-align:justify;\">Selon le minist\u00e8re de la Sant\u00e9 de Gaza, au moins 65 926 Palestiniens ont \u00e9t\u00e9 tu\u00e9s depuis le d\u00e9but de la guerre g\u00e9nocidaire men\u00e9e par Isra\u00ebl dans l\u2019enclave depuis octobre 2023.<\/p>\n<p style=\"text-align:justify;\">Faisant r\u00e9f\u00e9rence aux surtaxes impos\u00e9es notamment par les \u00c9tats-Unis, le chef de la diplomatie indienne a estim\u00e9 que le monde conna\u00eet aujourd\u2019hui une \u00ab volatilit\u00e9 tarifaire et un acc\u00e8s incertain aux march\u00e9s \u00bb. Ces d\u00e9fis \u00e9conomiques prennent, selon lui, d\u2019autres formes, telles que le contr\u00f4le accru des technologies, la ma\u00eetrise des cha\u00eenes d\u2019approvisionnement et l\u2019acc\u00e8s limit\u00e9 aux minerais strat\u00e9giques.<\/p>\n<p style=\"text-align:justify;\">L\u2019Inde fait actuellement face \u00e0 des droits de douane de 50 % sur ses exportations vers les \u00c9tats-Unis, en partie \u00e0 cause de ses achats de p\u00e9trole russe dans le contexte de la guerre en Ukraine.<\/p>\n<p style=\"text-align:justify;\">\u00ab La n\u00e9cessit\u00e9 de r\u00e9duire les risques s\u2019impose de plus en plus, qu\u2019il s\u2019agisse d\u2019une d\u00e9pendance excessive \u00e0 une source d\u2019approvisionnement limit\u00e9e ou \u00e0 un march\u00e9 unique \u00bb, a-t-il poursuivi, tout en soulignant que l\u2019Inde \u00ab conservera toujours sa libert\u00e9 de choix \u00bb.<\/p>\n<p style=\"text-align:justify;\">Le ministre a \u00e9galement critiqu\u00e9 la \u00ab lenteur \u00bb des avanc\u00e9es dans la lutte contre le changement climatique, qu\u2019il a qualifi\u00e9e de \u00ab triste constat \u00bb. \u00ab Si m\u00eame l\u2019action climatique est remise en cause, que reste-t-il comme espoir pour la justice climatique ? \u00bb, a-t-il interrog\u00e9.<\/p>\n<p style=\"text-align:justify;\">Insistant sur l\u2019urgence de r\u00e9former l\u2019ONU, Jaishankar a affirm\u00e9 que la r\u00e9sistance \u00e0 ce changement \u00e9tait \u00ab au c\u0153ur de l\u2019\u00e9rosion \u00bb de la cr\u00e9dibilit\u00e9 de l\u2019organisation.<\/p>\n<p style=\"text-align:justify;\">\u00c9voquant l\u2019attaque du 22 avril contre le site touristique de Pahalgam, dans la partie indienne du Cachemire, qui avait fait 26 morts, il a rappel\u00e9 que New Delhi avait accus\u00e9 le Pakistan d\u2019\u00eatre responsable. Islamabad avait ni\u00e9 toute implication et r\u00e9clam\u00e9 une enqu\u00eate internationale, ce qui avait entra\u00een\u00e9 quatre jours d\u2019affrontements entre les deux puissances nucl\u00e9aires en mai, avant un cessez-le-feu annonc\u00e9 par le pr\u00e9sident am\u00e9ricain Donald Trump.<\/p>\n<p style=\"text-align:justify;\">Jaishankar a rappel\u00e9 que New Delhi \u00ab affronte le terrorisme depuis son ind\u00e9pendance en 1947 \u00bb.<\/p>\n<p style=\"text-align:justify;\">\u00ab L\u2019Inde a exerc\u00e9 son droit de d\u00e9fendre sa population contre le terrorisme et a traduit en justice ses organisateurs et auteurs, car le terrorisme est une menace commune \u00bb, a-t-il conclu, en r\u00e9f\u00e9rence aux derni\u00e8res tensions transfrontali\u00e8res avec le Pakistan.<\/p>\n<p style=\"text-align:justify;\">* Traduit de l&rsquo;anglais par Adama Bamba<\/p>\n<p>                            &#13;<br \/>\n                                <a href=\"https:\/\/www.aa.com.tr\/fr\/p\/abonnement\/1001\" target=\"_blank\" style=\"font-size:12px; color:#444; text-decoration:none;\" rel=\"noopener\">&#13;<br \/>\n                                    Seulement une partie des d\u00e9p\u00eaches, que l&rsquo;Agence Anadolu diffuse \u00e0 ses abonn\u00e9s via le Syst\u00e8me de Diffusion interne (HAS), est diffus\u00e9e sur le site de l&rsquo;AA, de mani\u00e8re r\u00e9sum\u00e9e. <b style=\"color:#1897F7\">Contactez-nous s&rsquo;il vous pla\u00eet pour vous abonner.<\/b>&#13;<br \/>\n                                <\/a>&#13;<\/p>\n","protected":false},"excerpt":{"rendered":"AA \/ Istanbul \/ Saadet Gokce Le ministre indien des Affaires \u00e9trang\u00e8res, Subrahmanyam Jaishankar, a appel\u00e9 samedi \u00e0&hellip;\n","protected":false},"author":2,"featured_media":423600,"comment_status":"","ping_status":"","sticky":false,"template":"","format":"standard","meta":{"footnotes":""},"categories":[1590],"tags":[11,55279,1785,1777,674,665,3482,5595,12,220],"class_list":{"0":"post-423599","1":"post","2":"type-post","3":"status-publish","4":"format-standard","5":"has-post-thumbnail","7":"category-ukraine","8":"tag-actualites","9":"tag-ag-onu","10":"tag-anadolu-ajansi","11":"tag-eu","12":"tag-europe","13":"tag-gaza","14":"tag-guerre-russie-ukraine","15":"tag-inde","16":"tag-news","17":"tag-ukraine"},"share_on_mastodon":{"url":"https:\/\/pubeurope.com\/@fr\/115281635878920731","error":""},"_links":{"self":[{"href":"https:\/\/www.europesays.com\/fr\/wp-json\/wp\/v2\/posts\/423599","targetHints":{"allow":["GET"]}}],"collection":[{"href":"https:\/\/www.europesays.com\/fr\/wp-json\/wp\/v2\/posts"}],"about":[{"href":"https:\/\/www.europesays.com\/fr\/wp-json\/wp\/v2\/types\/post"}],"author":[{"embeddable":true,"href":"https:\/\/www.europesays.com\/fr\/wp-json\/wp\/v2\/users\/2"}],"replies":[{"embeddable":true,"href":"https:\/\/www.europesays.com\/fr\/wp-json\/wp\/v2\/comments?post=423599"}],"version-history":[{"count":0,"href":"https:\/\/www.europesays.com\/fr\/wp-json\/wp\/v2\/posts\/423599\/revisions"}],"wp:featuredmedia":[{"embeddable":true,"href":"https:\/\/www.europesays.com\/fr\/wp-json\/wp\/v2\/media\/423600"}],"wp:attachment":[{"href":"https:\/\/www.europesays.com\/fr\/wp-json\/wp\/v2\/media?parent=423599"}],"wp:term":[{"taxonomy":"category","embeddable":true,"href":"https:\/\/www.europesays.com\/fr\/wp-json\/wp\/v2\/categories?post=423599"},{"taxonomy":"post_tag","embeddable":true,"href":"https:\/\/www.europesays.com\/fr\/wp-json\/wp\/v2\/tags?post=423599"}],"curies":[{"name":"wp","href":"https:\/\/api.w.org\/{rel}","templated":true}]}}