{"id":423613,"date":"2025-09-28T11:21:12","date_gmt":"2025-09-28T11:21:12","guid":{"rendered":"https:\/\/www.europesays.com\/fr\/423613\/"},"modified":"2025-09-28T11:21:12","modified_gmt":"2025-09-28T11:21:12","slug":"un-silence-assourdissant-le-syndicat-de-la-magistrature-vise-emmanuel-macron-apres-les-menaces-contre-des-magistrats","status":"publish","type":"post","link":"https:\/\/www.europesays.com\/fr\/423613\/","title":{"rendered":"\u00abUn silence assourdissant\u00bb, le Syndicat de la magistrature vise Emmanuel Macron apr\u00e8s les menaces contre des magistrats"},"content":{"rendered":"<p>\u00abSi le garde des Sceaux d\u00e9missionnaire a cette fois apport\u00e9 son soutien \u00e0 l\u2019institution judiciaire, le silence du pr\u00e9sident de la R\u00e9publique, premier garant de l\u2019ind\u00e9pendance de la justice, est quant \u00e0 lui assourdissant\u00bb, a estim\u00e9 dans un communiqu\u00e9 le syndicat class\u00e9 \u00e0 gauche.<\/p>\n<p class=\"fig-paragraph\">Le Syndicat de la magistrature a d\u00e9nonc\u00e9 dimanche le silence \u00abassourdissant\u00bb du pr\u00e9sident\u00a0<a href=\"http:\/\/www.lefigaro.fr\/politique\/emmanuel-et-brigitte-macron-a-l-assaut-de-la-rumeur-jean-michel-trogneux-les-coulisses-d-une-strategie-de-riposte-a-double-tranchant-20250927\" data-fig-type=\"Article\" data-gtm-custom-categorie=\"navigation\" data-gtm-custom-action=\"crossclick\" data-gtm-custom-label=\"Contextuel\" data-gtm-event=\"customEventSPE\" data-fig-domain=\"LEFIGARO\" target=\"_blank\" rel=\"noopener\">Emmanuel Macron<\/a>\u00a0concernant\u00a0<a href=\"http:\/\/www.lefigaro.fr\/politique\/condamnation-de-nicolas-sarkozy-gerald-darmanin-juge-absolument-insupportables-les-menaces-envers-les-magistrats-20250927\" data-fig-type=\"NewsFlash\" data-gtm-custom-categorie=\"navigation\" data-gtm-custom-action=\"crossclick\" data-gtm-custom-label=\"Contextuel\" data-gtm-event=\"customEventSPE\" data-fig-domain=\"LEFIGARO\" target=\"_blank\" rel=\"noopener\">les menaces dont est la cible la pr\u00e9sidente du tribunal<\/a>\u00a0qui a condamn\u00e9 l&rsquo;ex-chef de l&rsquo;Etat Nicolas Sarkozy dans l&rsquo;affaire dite du financement libyen. Deux enqu\u00eates ont \u00e9t\u00e9 ouvertes vendredi par le parquet de Paris \u00e0 la suite de \u00abmessages mena\u00e7ants\u00bb visant la magistrate parisienne ayant \u00e9nonc\u00e9 jeudi la condamnation de l&rsquo;ancien pr\u00e9sident \u00e0 cinq ans de prison, avec incarc\u00e9ration prochaine.<\/p>\n<p class=\"fig-paragraph\">\u00abSi le garde des Sceaux d\u00e9missionnaire (G\u00e9rald Darmanin) a cette fois\u00a0<a href=\"http:\/\/www.lefigaro.fr\/politique\/condamnation-de-nicolas-sarkozy-gerald-darmanin-juge-absolument-insupportables-les-menaces-envers-les-magistrats-20250927\" target=\"_blank\" data-fig-type=\"NewsFlash\" rel=\"noopener\" data-gtm-custom-categorie=\"navigation\" data-gtm-custom-action=\"crossclick\" data-gtm-custom-label=\"Contextuel\" data-gtm-event=\"customEventSPE\" data-fig-domain=\"LEFIGARO\">apport\u00e9 son soutien \u00e0 l&rsquo;institution judiciaire<\/a> , le silence du pr\u00e9sident de la R\u00e9publique (Emmanuel Macron), premier garant de l&rsquo;ind\u00e9pendance de la justice, est quant \u00e0 lui assourdissant\u00bb, a estim\u00e9 dans un communiqu\u00e9 le syndicat class\u00e9 \u00e0 gauche. Aux termes de l&rsquo;article 64 de la Constitution, le pr\u00e9sident de la R\u00e9publique est garant de l&rsquo;ind\u00e9pendance de l&rsquo;autorit\u00e9 judiciaire. Il est assist\u00e9 dans cette mission par\u00a0<a href=\"http:\/\/www.lefigaro.fr\/actualite-france\/condamnation-de-nicolas-sarkozy-le-conseil-superieur-de-la-magistrature-denonce-des-attaques-qui-fragilisent-la-democratie-20250928\" data-fig-type=\"NewsFlash\" data-gtm-custom-categorie=\"navigation\" data-gtm-custom-action=\"crossclick\" data-gtm-custom-label=\"Contextuel\" data-gtm-event=\"customEventSPE\" data-fig-domain=\"LEFIGARO\" target=\"_blank\" rel=\"noopener\">le Conseil sup\u00e9rieur de la magistrature<\/a>\u00a0(CSM), qui a condamn\u00e9 samedi \u00abfermement les menaces et attaques personnelles visant \u00e0 remettre en cause l&rsquo;impartialit\u00e9 des magistrats\u00bb ayant condamn\u00e9 Nicolas Sarkozy.<\/p>\n<p>                                    <a class=\"fig-a11y-skip a11y-hidden\" href=\"#fig-a11y-skip-main-inarticle\"><br \/>\n        Passer la publicit\u00e9<br \/>\n    <\/a><\/p>\n<p>\u00abConfusion entre libert\u00e9 syndicale et acte de juger\u00bb<\/p>\n<p class=\"fig-paragraph\">G\u00e9rald Darmanin a lui aussi condamn\u00e9 \u00absans aucune r\u00e9serve\u00bb les \u00abintimidations et les menaces de mort qui touchent les magistrats\u00bb, qualifiant ces faits d&rsquo;\u00ababsolument insupportables en d\u00e9mocratie\u00bb. Dans son communiqu\u00e9, le Syndicat de la magistrature (SM) \u00abd\u00e9nonce la confusion relay\u00e9e par certains m\u00e9dias et sur les r\u00e9seaux sociaux entre la libert\u00e9 syndicale et l&rsquo;acte de juger\u00bb.<\/p>\n<p class=\"fig-paragraph\">\u00abLes magistrats ont le droit de s&rsquo;exprimer \u00e0 titre syndical sans que leur impartialit\u00e9 ne soit mise en doute dans l&rsquo;exercice de leurs fonctions\u00bb, poursuit le SM, ajoutant que \u00abcibler personnellement une magistrate, c&rsquo;est attaquer l&rsquo;\u00c9tat de droit lui-m\u00eame\u00bb. Le tribunal correctionnel de Paris a condamn\u00e9 Nicolas Sarkozy \u00e0 cinq ans d&#8217;emprisonnement avec incarc\u00e9ration prochaine pour avoir \u00ablaiss\u00e9 ses plus proches\u00bb collaborateurs d\u00e9marcher la Libye de Mouammar Kadhafi pour financer sa campagne victorieuse de 2007.<\/p>\n","protected":false},"excerpt":{"rendered":"\u00abSi le garde des Sceaux d\u00e9missionnaire a cette fois apport\u00e9 son soutien \u00e0 l\u2019institution judiciaire, le silence du&hellip;\n","protected":false},"author":2,"featured_media":423614,"comment_status":"","ping_status":"","sticky":false,"template":"","format":"standard","meta":{"footnotes":""},"categories":[2],"tags":[11,4073,1073,1011,27,12,3091,25,55019],"class_list":{"0":"post-423613","1":"post","2":"type-post","3":"status-publish","4":"format-standard","5":"has-post-thumbnail","7":"category-actualites","8":"tag-actualites","9":"tag-condamnation","10":"tag-emmanuel-macron","11":"tag-fr","12":"tag-france","13":"tag-news","14":"tag-nicolas-sarkozy","15":"tag-republique-francaise","16":"tag-syndicat-de-la-magistrature"},"share_on_mastodon":{"url":"https:\/\/pubeurope.com\/@fr\/115281663452656666","error":""},"_links":{"self":[{"href":"https:\/\/www.europesays.com\/fr\/wp-json\/wp\/v2\/posts\/423613","targetHints":{"allow":["GET"]}}],"collection":[{"href":"https:\/\/www.europesays.com\/fr\/wp-json\/wp\/v2\/posts"}],"about":[{"href":"https:\/\/www.europesays.com\/fr\/wp-json\/wp\/v2\/types\/post"}],"author":[{"embeddable":true,"href":"https:\/\/www.europesays.com\/fr\/wp-json\/wp\/v2\/users\/2"}],"replies":[{"embeddable":true,"href":"https:\/\/www.europesays.com\/fr\/wp-json\/wp\/v2\/comments?post=423613"}],"version-history":[{"count":0,"href":"https:\/\/www.europesays.com\/fr\/wp-json\/wp\/v2\/posts\/423613\/revisions"}],"wp:featuredmedia":[{"embeddable":true,"href":"https:\/\/www.europesays.com\/fr\/wp-json\/wp\/v2\/media\/423614"}],"wp:attachment":[{"href":"https:\/\/www.europesays.com\/fr\/wp-json\/wp\/v2\/media?parent=423613"}],"wp:term":[{"taxonomy":"category","embeddable":true,"href":"https:\/\/www.europesays.com\/fr\/wp-json\/wp\/v2\/categories?post=423613"},{"taxonomy":"post_tag","embeddable":true,"href":"https:\/\/www.europesays.com\/fr\/wp-json\/wp\/v2\/tags?post=423613"}],"curies":[{"name":"wp","href":"https:\/\/api.w.org\/{rel}","templated":true}]}}