{"id":423621,"date":"2025-09-28T11:28:10","date_gmt":"2025-09-28T11:28:10","guid":{"rendered":"https:\/\/www.europesays.com\/fr\/423621\/"},"modified":"2025-09-28T11:28:10","modified_gmt":"2025-09-28T11:28:10","slug":"8-in-motegi-fabio-quartararo-ist-nicht-zufrieden-mit-der-leistung-von-yamaha","status":"publish","type":"post","link":"https:\/\/www.europesays.com\/fr\/423621\/","title":{"rendered":"8. in Motegi, Fabio Quartararo ist \u201enicht zufrieden\u201c mit der Leistung von Yamaha"},"content":{"rendered":"<p class=\"gt-block\"><a href=\"https:\/\/www.autohebdo.de\/Nachrichten\/Etikett\/Fabio-Quartararo\" data-internallinksmanager029f6b8e52c=\"15\" title=\"fabio quartaro\" rel=\"nofollow noopener\" target=\"_blank\">fabio quartaro<\/a> maximierte das Potenzial seiner Yamaha w\u00e4hrend des gesamten Grand Prix-Wochenendes in Japan <a href=\"https:\/\/www.autohebdo.de\/Nachrichten\/MotoGP\" data-internallinksmanager029f6b8e52c=\"4\" title=\"MotoGP\" rel=\"nofollow noopener\" target=\"_blank\">MotoGP<\/a>Der Franzose, der im Sprint den 6. und im Hauptrennen den 8. Platz belegte, verbrachte die meiste Zeit des Rennens dicht hinter Johann Zarco. In der letzten Runde legte er dann nach, um sich vor einem Angriff seines Landsmannes zu sch\u00fctzen. Angesichts des konstanten Tempos seiner Konkurrenten war ihm nicht mehr viel m\u00f6glich.<\/p>\n<\/p>\n<p class=\"gt-block\">\u201eDas war das Maximum, das wir erreichen konnten. Ich hatte einen sehr guten Start, aber mit dem Grip, den wir hatten, haben mich alle \u00fcberholt. Ich habe Fehler gemacht, weil ich versucht habe, Druck zu machen und dranzubleiben, aber das war eindeutig unm\u00f6glich. Ich denke, ich habe das Rennen in meinem eigenen Tempo bew\u00e4ltigt. Mein oberstes Ziel ist es jetzt, an mir zu arbeiten und mich fahrerisch zu verbessern. Ich denke, dieses Rennen war ich gut, aber wir wissen, wie schwierig es ist, gegen alle anderen schnell zu sein.\u201c<\/p>\n<p>Quartararo ist Hondas Podium gleichg\u00fcltig<\/p>\n<p>Der Rest der Asien-Tour sieht nicht einfach aus. Der Franzose sieht jedoch vor dem Gro\u00dfen Preis von Indonesien einen Hoffnungsschimmer. Die Grip-Verh\u00e4ltnisse k\u00f6nnten seiner Yamaha entgegenkommen, sofern die Strecke nicht zu schmutzig ist. Dann k\u00f6nnte er auf ein zufriedenstellenderes Ergebnis hoffen.<\/p>\n<p class=\"gt-block\">\u201eWir werden versuchen, unser Bestes zu geben, Er f\u00e4hrt fort. Ich denke, Indonesien k\u00f6nnte eine gute Strecke f\u00fcr uns sein. Mal sehen, wie sich der Reifen anf\u00fchlt. Der Reifen ist anders, und ich denke, Indonesien k\u00f6nnte eine Strecke sein, auf der wir etwas Gutes erreichen k\u00f6nnen. Ich rede nicht gerne im Voraus, aber ich denke, wir k\u00f6nnen dort ein sehr gutes Qualifying und gute Rennen fahren. \u201eSehr gut\u201c bedeutet nicht, dass wir um viel mehr k\u00e4mpfen m\u00fcssen, aber ich denke, wenn ich eine Strecke w\u00e4hlen m\u00fcsste, w\u00e4re es diese.<\/p>\n<p class=\"gt-block\">Er pr\u00e4zisiert: \u201eMomentan bin ich mit unseren Fortschritten nicht wirklich zufrieden. Seit Saisonbeginn haben wir nicht viel erreicht. Wir haben zwar einige Unterschiede in der Aerodynamik, aber wir wissen, dass die Aerodynamik nicht alle unsere Probleme l\u00f6sen wird. Ja, es ist schwierig. Ich freue mich auf den Test in Valencia und werde sehen, wie es l\u00e4uft.\u201c<\/p>\n<p class=\"gt-block\">Was Hondas R\u00fcckkehr auf das Podium in Japan angeht, bleibt Quartararo pragmatisch. Auf die Frage, ob dies Auswirkungen auf die Motivation von Iwatas Clan haben k\u00f6nnte, antwortete der geb\u00fcrtige Nizzaer: \u201eNein, das glaube ich nicht. Wenn sie dadurch aufwachen, ist es ein bisschen zu sp\u00e4t. Ich denke, wir wissen bereits, wo wir stehen, wenn wir uns die Gesamtwertung ansehen. Ich glaube nicht, dass wir Hondas Podium brauchen. Und ich denke, es ist gut f\u00fcr die Meisterschaft, verschiedene Hersteller auf dem Podium zu sehen. Ja, wir m\u00fcssen einfach Fortschritte machen.\u201c<\/p>\n<p class=\"gt-block\"><strong>LESEN SIE AUCH &gt;\u00a0<a href=\"https:\/\/www.autohebdo.de\/Nachrichten\/MotoGP\/MotoGP-Wertung-2025%3A-Die-Meisterschaft-nach-dem-Sprint-des-GP-von-Japan.html\" rel=\"nofollow noopener\" target=\"_blank\">Rangliste MotoGP 2025 \u2013 Die Meisterschaft nach dem GP von Japan<\/a><\/strong><\/p>\n","protected":false},"excerpt":{"rendered":"fabio quartaro maximierte das Potenzial seiner Yamaha w\u00e4hrend des gesamten Grand Prix-Wochenendes in Japan MotoGPDer Franzose, der im&hellip;\n","protected":false},"author":2,"featured_media":423622,"comment_status":"","ping_status":"","sticky":false,"template":"","format":"standard","meta":{"footnotes":""},"categories":[1413],"tags":[1011,27,1457,1456,60],"class_list":{"0":"post-423621","1":"post","2":"type-post","3":"status-publish","4":"format-standard","5":"has-post-thumbnail","7":"category-moto","8":"tag-fr","9":"tag-france","10":"tag-moto","11":"tag-motocycle","12":"tag-sports"},"share_on_mastodon":{"url":"https:\/\/pubeurope.com\/@fr\/115281690872209646","error":""},"_links":{"self":[{"href":"https:\/\/www.europesays.com\/fr\/wp-json\/wp\/v2\/posts\/423621","targetHints":{"allow":["GET"]}}],"collection":[{"href":"https:\/\/www.europesays.com\/fr\/wp-json\/wp\/v2\/posts"}],"about":[{"href":"https:\/\/www.europesays.com\/fr\/wp-json\/wp\/v2\/types\/post"}],"author":[{"embeddable":true,"href":"https:\/\/www.europesays.com\/fr\/wp-json\/wp\/v2\/users\/2"}],"replies":[{"embeddable":true,"href":"https:\/\/www.europesays.com\/fr\/wp-json\/wp\/v2\/comments?post=423621"}],"version-history":[{"count":0,"href":"https:\/\/www.europesays.com\/fr\/wp-json\/wp\/v2\/posts\/423621\/revisions"}],"wp:featuredmedia":[{"embeddable":true,"href":"https:\/\/www.europesays.com\/fr\/wp-json\/wp\/v2\/media\/423622"}],"wp:attachment":[{"href":"https:\/\/www.europesays.com\/fr\/wp-json\/wp\/v2\/media?parent=423621"}],"wp:term":[{"taxonomy":"category","embeddable":true,"href":"https:\/\/www.europesays.com\/fr\/wp-json\/wp\/v2\/categories?post=423621"},{"taxonomy":"post_tag","embeddable":true,"href":"https:\/\/www.europesays.com\/fr\/wp-json\/wp\/v2\/tags?post=423621"}],"curies":[{"name":"wp","href":"https:\/\/api.w.org\/{rel}","templated":true}]}}