{"id":423630,"date":"2025-09-28T11:33:12","date_gmt":"2025-09-28T11:33:12","guid":{"rendered":"https:\/\/www.europesays.com\/fr\/423630\/"},"modified":"2025-09-28T11:33:12","modified_gmt":"2025-09-28T11:33:12","slug":"les-murs-sont-charges-de-toutes-les-experiences-vecues-ici-ce-site-historique-attend-son-futur-proprietaire","status":"publish","type":"post","link":"https:\/\/www.europesays.com\/fr\/423630\/","title":{"rendered":"\u00ab\u00a0Les murs sont charg\u00e9s de toutes les exp\u00e9riences v\u00e9cues ici\u00a0\u00bb, ce site historique attend son futur propri\u00e9taire"},"content":{"rendered":"<p class=\"article__intro\">Lieu de p\u00e8lerinage depuis le 14e si\u00e8cle, le Liebfrauenberg \u00e0 Goersdorf (Bas-Rhin) change de cap. La communaut\u00e9 de communes Sauer-Pechelbronn cherche un repreneur pour faire revivre le domaine, laiss\u00e9 \u00e0 l&rsquo;abandon. Elle esp\u00e8re en faire un site touristique.<\/p>\n<p>\n      L\u2019actu des r\u00e9gions\n    <\/p>\n<p>\n      Chaque jour, un tour d\u2019horizon des principales infos de toutes les r\u00e9gions.\n    <\/p>\n<p>    France T\u00e9l\u00e9visions utilise votre adresse e-mail afin de vous envoyer la newsletter \u00ab\u00a0L\u2019actu des r\u00e9gions\u00a0\u00bb. Vous pouvez vous d\u00e9sinscrire \u00e0 tout moment via le lien en bas de cette newsletter. <a target=\"_blank\" href=\"https:\/\/www.francetelevisions.fr\/groupe\/confidentialite\/politique-de-confidentialite\/politique-de-confidentialite-de-france-televisions-6503\" rel=\"nofollow noopener\">Notre politique de confidentialit\u00e9<\/a><\/p>\n<p>Tout est rest\u00e9 dans son jus, les tables sont encore dress\u00e9es, comme si elles attendaient leurs clients. Sauf que le service n&rsquo;est plus assur\u00e9, la cuisine est ferm\u00e9e depuis plusieurs ann\u00e9es. Le Liebfrauenberg \u00e0 Goersdorf (Bas-Rhin), lieu de p\u00e8lerinage n\u00e9 au 14e si\u00e8cle, est \u00e0 l&rsquo;abandon depuis que l&rsquo;association qui g\u00e9rait le site a \u00e9t\u00e9 mise en liquidation, en 2022.<\/p>\n<p>Depuis, la Communaut\u00e9 de communes Sauer-Pechelbronn a rachet\u00e9 le domaine en 2024 et cherche un investisseur, pr\u00eat \u00e0 lui redonner vie. Elle a lanc\u00e9 un appel \u00e0 manifestation d&rsquo;int\u00e9r\u00eat (AMI). L&rsquo;objectif\u00a0: y d\u00e9velopper une activit\u00e9 \u00e9conomique et touristique.<\/p>\n<p>\u00ab\u00a0Il y a 70 chambres et 4,5 hectares. Nous recherchons sur notre territoire une capacit\u00e9 d&rsquo;h\u00e9bergement plus grande, avec une structure h\u00f4teli\u00e8re, une restauration traditionnelle, et, si possible, un spa haut de gamme, pour attirer davantage de touristes dans la r\u00e9gion\u00a0\u00bb, affirme Roger Isel, le pr\u00e9sident de la communaut\u00e9 de communes. Les candidats ont jusqu&rsquo;au 10 novembre pour se manifester.<\/p>\n<p>Les habitu\u00e9s du Liebfrauenberg attendent sa r\u00e9ouverture avec impatience. Fr\u00e9quent\u00e9 depuis la R\u00e9volution fran\u00e7aise, il \u00e9tait devenu un centre pour les jeunes et les s\u00e9minaires lorsque l&rsquo;\u00e9glise protestante l&rsquo;a acquis, en 1954.<\/p>\n<p><a data-article-figure=\"\" href=\"https:\/\/france3-regions.franceinfo.fr\/image\/4xc9Hs-leQKsBY2w6gK5osM4N5k\/1920x1080\/regions\/2025\/09\/24\/rund-um-liebfrauenberg-sh-00-00-00-00-68d3f6925405c563313203.jpg\" data-pswp-width=\"1920\" data-pswp-height=\"1080\" target=\"_blank\" rel=\"nofollow noopener\"><\/p>\n<p>          <img width=\"600\" height=\"400\" class=\"article-image lazy\" data-src=\"https:\/\/www.europesays.com\/fr\/wp-content\/uploads\/2025\/09\/rund-um-liebfrauenberg-sh-00-00-00-00-68d3f6925405c563313203.jpg\" alt=\"Le Liebfrauenberg est un lieu de p\u00e8lerinage. \" fetchpriority=\"high\" as=\"image\"\/><\/p>\n<p>\n            Le Liebfrauenberg est un lieu de p\u00e8lerinage.<br \/>\n                           \u2022<br \/>\n                                      \u00a9 Communaut\u00e9 de communes Sauer Pechelbronn\n                      <\/p>\n<p><\/a><\/p>\n<p>Ir\u00e8ne Strittmatter y a des centaines de souvenirs. Elle a longtemps accompagn\u00e9 b\u00e9n\u00e9volement des groupes de personnes handicap\u00e9es sur place, pendant ses vacances, avec son groupe \u00ab\u00a0Amiti\u00e9 du Liebfrauenberg\u00a0\u00bb.<\/p>\n<p>Voir les portes ferm\u00e9es est un cr\u00e8ve-c\u0153ur pour elle : \u00ab\u00a0Les murs de cet endroit sont charg\u00e9s de toutes les exp\u00e9riences v\u00e9cues ici, ce sont des empreintes positives. J&rsquo;esp\u00e8re que cet endroit retrouvera sa vie, pour que d&rsquo;autres puissent en profiter et vivre de belles choses\u00a0\u00bb, confie-t-elle.<\/p>\n<p>Nich\u00e9 \u00e0 la lisi\u00e8re du Parc naturel r\u00e9gional des Vosges du Nord, le ch\u00e2teau du Liebfrauenberg a un fort potentiel. Sa partie la plus ancienne, la tour &#8211;\u00a0construite en 1384\u00a0&#8211; est toujours visible. <\/p>\n","protected":false},"excerpt":{"rendered":"Lieu de p\u00e8lerinage depuis le 14e si\u00e8cle, le Liebfrauenberg \u00e0 Goersdorf (Bas-Rhin) change de cap. La communaut\u00e9 de&hellip;\n","protected":false},"author":2,"featured_media":423631,"comment_status":"","ping_status":"","sticky":false,"template":"","format":"standard","meta":{"footnotes":""},"categories":[1358],"tags":[1348,1384,1385,1386,58,59,1011,27],"class_list":{"0":"post-423630","1":"post","2":"type-post","3":"status-publish","4":"format-standard","5":"has-post-thumbnail","7":"category-arts-et-design","8":"tag-arts","9":"tag-arts-and-design","10":"tag-arts-et-design","11":"tag-design","12":"tag-divertissement","13":"tag-entertainment","14":"tag-fr","15":"tag-france"},"share_on_mastodon":{"url":"https:\/\/pubeurope.com\/@fr\/115281710686847654","error":""},"_links":{"self":[{"href":"https:\/\/www.europesays.com\/fr\/wp-json\/wp\/v2\/posts\/423630","targetHints":{"allow":["GET"]}}],"collection":[{"href":"https:\/\/www.europesays.com\/fr\/wp-json\/wp\/v2\/posts"}],"about":[{"href":"https:\/\/www.europesays.com\/fr\/wp-json\/wp\/v2\/types\/post"}],"author":[{"embeddable":true,"href":"https:\/\/www.europesays.com\/fr\/wp-json\/wp\/v2\/users\/2"}],"replies":[{"embeddable":true,"href":"https:\/\/www.europesays.com\/fr\/wp-json\/wp\/v2\/comments?post=423630"}],"version-history":[{"count":0,"href":"https:\/\/www.europesays.com\/fr\/wp-json\/wp\/v2\/posts\/423630\/revisions"}],"wp:featuredmedia":[{"embeddable":true,"href":"https:\/\/www.europesays.com\/fr\/wp-json\/wp\/v2\/media\/423631"}],"wp:attachment":[{"href":"https:\/\/www.europesays.com\/fr\/wp-json\/wp\/v2\/media?parent=423630"}],"wp:term":[{"taxonomy":"category","embeddable":true,"href":"https:\/\/www.europesays.com\/fr\/wp-json\/wp\/v2\/categories?post=423630"},{"taxonomy":"post_tag","embeddable":true,"href":"https:\/\/www.europesays.com\/fr\/wp-json\/wp\/v2\/tags?post=423630"}],"curies":[{"name":"wp","href":"https:\/\/api.w.org\/{rel}","templated":true}]}}