{"id":423634,"date":"2025-09-28T11:35:12","date_gmt":"2025-09-28T11:35:12","guid":{"rendered":"https:\/\/www.europesays.com\/fr\/423634\/"},"modified":"2025-09-28T11:35:12","modified_gmt":"2025-09-28T11:35:12","slug":"qui-est-linvite-danne-sophie-lapix-sur-m6-ce-28-septe","status":"publish","type":"post","link":"https:\/\/www.europesays.com\/fr\/423634\/","title":{"rendered":"qui est l\u2019invit\u00e9 d\u2019Anne-Sophie Lapix sur M6 ce 28 septe &#8230;"},"content":{"rendered":"<p>EN BREF<\/p>\n<ul class=\"bloc_resume_post_list\">\n<li>Anne-Sophie Lapix, journaliste renomm\u00e9e, a \u00e9t\u00e9 \u00e9cart\u00e9e du<br \/>\nJT de 20h de France 2 en 2025 apr\u00e8s huit ans de<br \/>\npr\u00e9sentation.<\/li>\n<li>Elle rejoint M6 pour animer une interview dominicale et<br \/>\npr\u00e9sente une \u00e9mission quotidienne sur RTL depuis ao\u00fbt<br \/>\n2025.<\/li>\n<li>Son \u00e9mission sur M6 propose des interviews de<br \/>\npersonnalit\u00e9s vari\u00e9es, promettant des \u00e9changes captivants et<br \/>\ndiversifi\u00e9s.<\/li>\n<\/ul>\n<p>Visage embl\u00e9matique du paysage audiovisuel fran\u00e7ais. <a href=\"https:\/\/www.telestar.fr\/people\/anne-sophie-lapix-fait-ses-debuts-sur-rtl-et-on-sent-poindre-un-petit-tacle-a-france-2-1735894\" target=\"_blank\" rel=\"noopener\"><br \/>\nAnne-Sophie Lapix<\/a> a travaill\u00e9 pour de nombreuses cha\u00eenes au<br \/>\ncours de sa carri\u00e8re. Elle a notamment <strong>offici\u00e9 sur les<br \/>\nantennes de LCI, TF1, M6, Canal+, France 5<\/strong>. Et plus<br \/>\nr\u00e9cemment France 2. Depuis 2017, elle pr\u00e9sentait le JT de 20h sur<br \/>\nla cha\u00eene publique du lundi au jeudi. Cependant, c\u00a0\u00bbest d\u00e9sormais de<br \/>\nl&rsquo;histoire ancienne.<\/p>\n<p>En effet, apr\u00e8s huit ann\u00e9es de bons et loyaux services.<br \/>\n<strong>La direction de France T\u00e9l\u00e9visions a d\u00e9cid\u00e9 d&rsquo;\u00e9carter<br \/>\nAnne-Sophie Lapix<\/strong> de la pr\u00e9sentation du JT de 20h de<br \/>\nFrance 2 en 2025. C&rsquo;est sa cons\u0153ur <a href=\"https:\/\/www.telestar.fr\/people\/lea-salame-au-20h-de-france-2-la-difficulte-est-anne-claire-coudray-pas-loin-des-critiques-publiques-1737103\" target=\"_blank\" rel=\"noopener\"><br \/>\nL\u00e9a Salam\u00e9<\/a> qui a \u00e9t\u00e9 d\u00e9sign\u00e9e pour prendre sa succession. De<br \/>\nson c\u00f4t\u00e9, l&rsquo;ancienne pr\u00e9sentatrice du talk-show quotidien de France<br \/>\n5, <a href=\"https:\/\/www.telestar.fr\/actu_tv\/c_a_vous\/c-a-vous-cette-sequence-avec-francois-cluzet-a-la-sortie-du-plateau-qui-na-pas-ete-montree-sur-france-5-video-1736736\" target=\"_blank\" rel=\"noopener\"><br \/>\nC \u00e0 vous,<\/a> a d\u00e9cid\u00e9 de quitter le service public.<\/p>\n<p>M6 : la journaliste interrogera chaque dimanche un invit\u00e9<br \/>\ndiff\u00e9rent durant une dizaine de minutes<\/p>\n<p>En effet, Anne-Sophie Lapix a rejoint les rangs du groupe M6.<br \/>\nDepuis le lundi 25 ao\u00fbt 2025, elle pr\u00e9sente quotidiennement la<br \/>\ntranche d&rsquo;information diffus\u00e9e entre 18h et 20h sur l&rsquo;antenne de<br \/>\nRTL. Succ\u00e9dant ainsi \u00e0 <a href=\"https:\/\/www.telestar.fr\/people\/yves-calvi-il-tient-sa-revanche-apres-avoir-ete-vire-de-rtl-1733777\" target=\"_blank\" rel=\"noopener\"><br \/>\nYves Calvi<\/a>, parti rejoindre LCI. En parall\u00e8le, elle incarne<br \/>\n\u00e9galement <strong>une interview dominicale sur l&rsquo;antenne de<br \/>\nM6<\/strong>, baptis\u00e9e le 2010.<\/p>\n<p>\u00ab\u00a0Anne-Sophie Lapix propose une interview exclusive d\u2019une<br \/>\ndizaine de minutes avec une personnalit\u00e9 marquante de la semaine.<br \/>\nQu\u2019il s\u2019agisse d\u2019une figure connue ou d\u2019un visage anonyme, les<br \/>\ninvit\u00e9s viennent de tous horizons : <strong>soci\u00e9t\u00e9, culture,<br \/>\nsport, politique, international, etc&#8230;<\/strong>\u00ab\u00a0, a notamment<br \/>\nsoulign\u00e9 M6 dans un communiqu\u00e9.<\/p>\n<p>Anne-Sophie Lapix : \u00ab\u00a0D\u2019avoir des<br \/>\npersonnalit\u00e9s comme \u00e7a en prise avec l&rsquo;actualit\u00e9, je pense que<br \/>\nc&rsquo;est int\u00e9ressant\u00a0\u00bb<\/p>\n<p>\u00ab\u00a0\u00c7a va \u00eatre tr\u00e8s agr\u00e9able cette \u00e9mission parce que les<br \/>\ninvit\u00e9s viendront d&rsquo;univers diff\u00e9rents. Il y aura pas mal de<br \/>\npolitiques, bien s\u00fbr. Mais il y aura aussi des artistes, des<br \/>\nsportifs, des t\u00e9moins, <strong>des grands t\u00e9moins d&rsquo;une<br \/>\nactualit\u00e9<\/strong>. On essaiera de coller \u00e0 une actualit\u00e9<br \/>\nde la semaine. Et on aura un angle d&rsquo;attaque. D\u2019avoir des<br \/>\npersonnalit\u00e9s comme \u00e7a en prise avec l&rsquo;actualit\u00e9, je pense que<br \/>\nc&rsquo;est int\u00e9ressant\u00a0\u00bb, a ainsi r\u00e9v\u00e9l\u00e9 Anne-Sophie Lapix au site <a href=\"https:\/\/www.ozap.com\/actu\/le-2020-apres-son-interview-du-dimanche-sur-m6-anne-sophie-lapix-va-lancer-un-debrief-sur-m6\/651456\" target=\"_blank\" rel=\"noopener\"><br \/>\nPuremedias.com<\/a>.<\/p>\n<p>Dimanche 28 septembre 2025, <strong>Anne-Sophie Lapix recevra le<br \/>\nchef du RAID Guillaume Cardy sur le plateau de M6<\/strong>. Pour<br \/>\nrappel, l&rsquo;animatrice avait re\u00e7u le champion du monde fran\u00e7ais de<br \/>\nfootball <a href=\"https:\/\/www.closermag.fr\/people\/kylian-mbappe-repere-a-paris-avec-une-discrete-inconnue-photos-3550011\" target=\"_blank\" rel=\"noopener\"><br \/>\nKylian Mbapp\u00e9<\/a> lors du lancement de son \u00e9mission le dimanche 7<br \/>\nseptembre 2025.<\/p>\n","protected":false},"excerpt":{"rendered":"EN BREF Anne-Sophie Lapix, journaliste renomm\u00e9e, a \u00e9t\u00e9 \u00e9cart\u00e9e du JT de 20h de France 2 en 2025&hellip;\n","protected":false},"author":2,"featured_media":423635,"comment_status":"","ping_status":"","sticky":false,"template":"","format":"standard","meta":{"footnotes":""},"categories":[1356],"tags":[21313,548,58,59,1011,27,252,1364],"class_list":{"0":"post-423634","1":"post","2":"type-post","3":"status-publish","4":"format-standard","5":"has-post-thumbnail","7":"category-television","8":"tag-anne-sophie-lapix","9":"tag-article-simple","10":"tag-divertissement","11":"tag-entertainment","12":"tag-fr","13":"tag-france","14":"tag-television","15":"tag-tv"},"share_on_mastodon":{"url":"https:\/\/pubeurope.com\/@fr\/115281718518010317","error":""},"_links":{"self":[{"href":"https:\/\/www.europesays.com\/fr\/wp-json\/wp\/v2\/posts\/423634","targetHints":{"allow":["GET"]}}],"collection":[{"href":"https:\/\/www.europesays.com\/fr\/wp-json\/wp\/v2\/posts"}],"about":[{"href":"https:\/\/www.europesays.com\/fr\/wp-json\/wp\/v2\/types\/post"}],"author":[{"embeddable":true,"href":"https:\/\/www.europesays.com\/fr\/wp-json\/wp\/v2\/users\/2"}],"replies":[{"embeddable":true,"href":"https:\/\/www.europesays.com\/fr\/wp-json\/wp\/v2\/comments?post=423634"}],"version-history":[{"count":0,"href":"https:\/\/www.europesays.com\/fr\/wp-json\/wp\/v2\/posts\/423634\/revisions"}],"wp:featuredmedia":[{"embeddable":true,"href":"https:\/\/www.europesays.com\/fr\/wp-json\/wp\/v2\/media\/423635"}],"wp:attachment":[{"href":"https:\/\/www.europesays.com\/fr\/wp-json\/wp\/v2\/media?parent=423634"}],"wp:term":[{"taxonomy":"category","embeddable":true,"href":"https:\/\/www.europesays.com\/fr\/wp-json\/wp\/v2\/categories?post=423634"},{"taxonomy":"post_tag","embeddable":true,"href":"https:\/\/www.europesays.com\/fr\/wp-json\/wp\/v2\/tags?post=423634"}],"curies":[{"name":"wp","href":"https:\/\/api.w.org\/{rel}","templated":true}]}}