{"id":423638,"date":"2025-09-28T11:38:10","date_gmt":"2025-09-28T11:38:10","guid":{"rendered":"https:\/\/www.europesays.com\/fr\/423638\/"},"modified":"2025-09-28T11:38:10","modified_gmt":"2025-09-28T11:38:10","slug":"avec-degout-charlotte-gainsbourg-incarnera-gisele-halimi-au-cinema-son-fils-monte-au-creneau","status":"publish","type":"post","link":"https:\/\/www.europesays.com\/fr\/423638\/","title":{"rendered":"\u00ab\u00a0Avec d\u00e9go\u00fbt\u00a0\u00bb, Charlotte Gainsbourg incarnera Gis\u00e8le Halimi au cin\u00e9ma : son fils monte au cr\u00e9neau"},"content":{"rendered":"<p><strong>C&rsquo;est un biopic \u00e9v\u00e8nement, dont la sortie est pr\u00e9vue fin 2026<\/strong>. Dans Gis\u00e8le, Lauriane Escaffre et Yvo Muller vont essayer de faire revivre aux spectateurs les nombreux combats de l&rsquo;avocate Gis\u00e8le Halimi. L&rsquo;histoire se d\u00e9roulera en novembre 1972, au moment o\u00f9 l&rsquo;affaire Marie-Claire Chevalier <a href=\"https:\/\/www.justice.gouv.fr\/actualites\/actualite\/proces-bobigny\" target=\"_blank\" rel=\"noopener\">est jug\u00e9e au tribunal de Bobigny<\/a>. Cette jeune adolescente de 16 ans est jug\u00e9e pour avoir avort\u00e9 ill\u00e9galement avec la complicit\u00e9 de sa m\u00e8re. <strong>Leur avocate n&rsquo;est autre que Gis\u00e8le Halimi<\/strong>, cette femme qui, sans le savoir, bouleversera les droits des femmes, et ouvrira la voie de la d\u00e9p\u00e9nalisation de l&rsquo;IVG.<\/p>\n<p>Pour ce biopic, c&rsquo;est l&rsquo;actrice Charlotte Gainsbourg qui a \u00e9t\u00e9 choisie pour incarner les traits de Gis\u00e8le Halimi et porter haut et fort ses nombreux combats. Un choix audacieux pour les uns, et <a href=\"https:\/\/www.public.fr\/charlotte-gainsbourg-dans-la-peau-de-gisele-halimi-une-petition-lancee\" target=\"_blank\" rel=\"noopener\">d\u00e9plor\u00e9 pour les autres<\/a>. <strong>Mais la derni\u00e8re sortie de l&rsquo;actrice n&rsquo;a fait que relancer les critiques<\/strong>. En effet, il y a quelques jours, l&rsquo;\u00e9pouse d&rsquo;Yvan Attal <a href=\"https:\/\/www.public.fr\/charlotte-gainsbourg-et-rima-hassan-la-guerre-est-declaree\" target=\"_blank\" rel=\"noopener\">a co-sign\u00e9 une tribune pro-isra\u00e9lienne<\/a> aux c\u00f4t\u00e9s d&rsquo;Arthur. Ils demandaient \u00e0 Emmanuel Macron de conditionner strictement la reconnaissance de l&rsquo;\u00c9tat de la Palestine. <strong>Une tribune qui, une fois encore, a fait couler beaucoup d&rsquo;encre<\/strong>. Dans quelques jours, <a href=\"https:\/\/vsd.fr\/86867-arthur-son-premier-livre-paraitra-le-7-octobre-une-date-douloureuse-et-hautement-symbolique\/\" target=\"_blank\" rel=\"noopener\">Arthur s&rsquo;appr\u00eate justement \u00e0 sortir son roman<\/a> J&rsquo;ai perdu un B\u00e9douin dans Paris, aux \u00e9ditions Grasset.<\/p>\n<p>Deux femmes qui n&rsquo;ont rien en commun<\/p>\n<p><strong>La famille de Gis\u00e8le Halimi a d\u00e9cid\u00e9 de monter au cr\u00e9neau<\/strong>. Dans une lettre ouverte publi\u00e9e sur le site de Blast, Serge, l&rsquo;un des enfants de <a href=\"https:\/\/www.public.fr\/gisele-halimi-figure-du-feminisme-francais-est-morte-a-93-ans\" target=\"_blank\" rel=\"noopener\">l&rsquo;avocate d\u00e9c\u00e9d\u00e9e en juillet 2020<\/a>, d\u00e9plore le choix fait par les producteurs du film. Pire encore, il regrette que la famille n&rsquo;ait pas \u00e9t\u00e9 inform\u00e9e et consult\u00e9e en amont. Dans un tel cas, il l&rsquo;assure : <strong>ils auraient rejet\u00e9 le nom de Charlotte Gainsbourg<\/strong>.<\/p>\n<p>\u00ab\u00a0J\u2019ai appris plusieurs mois apr\u00e8s que la d\u00e9cision soit prise que Charlotte Gainsbourg avait \u00e9t\u00e9 choisie pour interpr\u00e9ter le r\u00f4le de ma m\u00e8re lors du proc\u00e8s de Bobigny. <strong>Autant dire qu&rsquo;on ne m&rsquo;a pas demand\u00e9 mon avis<\/strong>\u00a0\u00bb d\u00e9plore ainsi le fils de Gis\u00e8le Halimi. Mais l&rsquo;ancien directeur de r\u00e9daction du Monde diplomatique va plus loin. En effet, il condamne fermement les positions prises par celle qui incarnera sa m\u00e8re \u00e0 l&rsquo;\u00e9cran. Et pour cause : selon lui, <strong>les causes d\u00e9fendues par l&rsquo;une sont \u00e0 l&rsquo;exact oppos\u00e9 de celles de l&rsquo;autre<\/strong>&#8230;<\/p>\n<p>Gis\u00e8le Halimi condamne ce que Charlotte Gainsbourg d\u00e9fend<\/p>\n<p>\u00ab\u00a0La signature par Charlotte Gainsbourg (&#8230; ) d&rsquo;une lettre ouverte s\u2019opposant \u00e0 la reconnaissance de la Palestine par la France et assimilant cette d\u00e9cision \u00e0\u00a0une capitulation morale face au terrorisme\u00a0<strong>fait donc resurgir par contraste tout un chapitre de la vie de Gis\u00e8le Halimi<\/strong>. Car elle aurait lu cette tribune collective avec d\u00e9go\u00fbt. Elle ne dit rien des crimes de guerre isra\u00e9liens pourtant qualifi\u00e9s de g\u00e9nocide par nombre d\u2019organisations internationales. Charlotte Gainsbourg vient ainsi, sans l\u2019avoir voulu, <strong>de rappeler tout un pan trop peu connu de la vie militante de Gis\u00e8le Halimi<\/strong>\u00a0\u00bb tient \u00e0 rappeler Serge Halimi.<\/p>\n<p>Effectivement&#8230; Si Gis\u00e8le Halimi est avant tout connue pour ses combats f\u00e9ministes, <strong>du proc\u00e8s de Bobigny au manifeste de 343 en<\/strong> passant par l&rsquo;affaire d&rsquo;Aix-en-Provence, elle n&rsquo;en reste pas moins une femme engag\u00e9e sur de nombreux autres sujets soci\u00e9taux et diplomatiques. Comme le rappelle \u00e0 juste raison Serge, l&rsquo;avocate s&rsquo;est aussi battue pour <strong>la d\u00e9p\u00e9nalisation de l&rsquo;homosexualit\u00e9<\/strong>. Elle a combattu pour l&rsquo;ind\u00e9pendance de la Tunisie et de l&rsquo;Alg\u00e9rie, et s&rsquo;est toujours engag\u00e9e contre l&rsquo;imp\u00e9rialisme de nombreux pays. Plus m\u00e9connus, ses refus des trait\u00e9s europ\u00e9ens du TCE et de Maastricht ont \u00e9t\u00e9 oubli\u00e9s.<\/p>\n<p>Elle devra s&rsquo;en expliquer \u00e0 la sortie<\/p>\n<p>Tous ces \u00e9l\u00e9ments ne figureront pas dans le biopic Gis\u00e8le qui sortira dans quelques mois. <strong>Seul le proc\u00e8s de Bobigny sera \u00e9voqu\u00e9<\/strong>. Mais Serge Halimi esp\u00e8re que les journalistes feront correctement leur travail. Interrogeront-ils Charlotte Gainsbourg sur ses positions, parfaitement oppos\u00e9es \u00e0 celle qu&rsquo;elle a accept\u00e9 d&rsquo;incarner ? Le septuag\u00e9naire croise les doigts.<\/p>\n<p>\u00ab\u00a0Le jour o\u00f9 le film sur le proc\u00e8s de Bobigny sortira, Charlotte Gainsbourg <strong>sera peut-\u00eatre interrog\u00e9e sur la diff\u00e9rence fondamentale<\/strong> entre le personnage qu\u2019elle interpr\u00e8te et ses propres convictions qui la rangent dans le camp, peu honorable, des avocats inconditionnels d&rsquo;Isra\u00ebl. L&rsquo;op\u00e9ration qu&rsquo;elle escomptait en incarnant Gis\u00e8le Halimi \u00e0 l\u2019\u00e9cran <strong>se retournera alors contre elle<\/strong>\u00a0\u00bb a ainsi conclu, amer, celui qui, pour s\u00fbr, ne regardera pas ce biopic. Une col\u00e8re qui rappelle celle de Benjamin Castaldi, <a href=\"https:\/\/www.public.fr\/idiote-benjamin-castaldi-repond-a-son-tour-a-la-realisatrice-du-film-sur-ses-grands-parents\" target=\"_blank\" rel=\"noopener\">qui condamne avec fermet\u00e9 le biopic de Diane Kurys<\/a> sur ses grands-parents.<\/p>\n<p>      Mentionn\u00e9s dans cet article<\/p>\n<p>      Sur le m\u00eame sujet<\/p>\n","protected":false},"excerpt":{"rendered":"C&rsquo;est un biopic \u00e9v\u00e8nement, dont la sortie est pr\u00e9vue fin 2026. Dans Gis\u00e8le, Lauriane Escaffre et Yvo Muller&hellip;\n","protected":false},"author":2,"featured_media":423639,"comment_status":"","ping_status":"","sticky":false,"template":"","format":"standard","meta":{"footnotes":""},"categories":[1354],"tags":[10498,12232,58,59,31150,1346,1011,27,39708,1360],"class_list":{"0":"post-423638","1":"post","2":"type-post","3":"status-publish","4":"format-standard","5":"has-post-thumbnail","7":"category-films","8":"tag-charlotte-gainsbourg","9":"tag-clash","10":"tag-divertissement","11":"tag-entertainment","12":"tag-film-francais","13":"tag-films","14":"tag-fr","15":"tag-france","16":"tag-gisele-halimi","17":"tag-movies"},"share_on_mastodon":{"url":"https:\/\/pubeurope.com\/@fr\/115281730142444914","error":""},"_links":{"self":[{"href":"https:\/\/www.europesays.com\/fr\/wp-json\/wp\/v2\/posts\/423638","targetHints":{"allow":["GET"]}}],"collection":[{"href":"https:\/\/www.europesays.com\/fr\/wp-json\/wp\/v2\/posts"}],"about":[{"href":"https:\/\/www.europesays.com\/fr\/wp-json\/wp\/v2\/types\/post"}],"author":[{"embeddable":true,"href":"https:\/\/www.europesays.com\/fr\/wp-json\/wp\/v2\/users\/2"}],"replies":[{"embeddable":true,"href":"https:\/\/www.europesays.com\/fr\/wp-json\/wp\/v2\/comments?post=423638"}],"version-history":[{"count":0,"href":"https:\/\/www.europesays.com\/fr\/wp-json\/wp\/v2\/posts\/423638\/revisions"}],"wp:featuredmedia":[{"embeddable":true,"href":"https:\/\/www.europesays.com\/fr\/wp-json\/wp\/v2\/media\/423639"}],"wp:attachment":[{"href":"https:\/\/www.europesays.com\/fr\/wp-json\/wp\/v2\/media?parent=423638"}],"wp:term":[{"taxonomy":"category","embeddable":true,"href":"https:\/\/www.europesays.com\/fr\/wp-json\/wp\/v2\/categories?post=423638"},{"taxonomy":"post_tag","embeddable":true,"href":"https:\/\/www.europesays.com\/fr\/wp-json\/wp\/v2\/tags?post=423638"}],"curies":[{"name":"wp","href":"https:\/\/api.w.org\/{rel}","templated":true}]}}